{"id":2885,"date":"2020-11-25T11:25:51","date_gmt":"2020-11-25T10:25:51","guid":{"rendered":"https:\/\/enequip.es\/?p=2885"},"modified":"2020-11-25T16:05:48","modified_gmt":"2020-11-25T15:05:48","slug":"denuncia-social-i-acompanamiento-contra-la-violencia","status":"publish","type":"post","link":"https:\/\/enequip.es\/es\/denuncia-social-i-acompanamiento-contra-la-violencia\/","title":{"rendered":"Para erradicar la violencia contra las mujeres es necesaria la denuncia social y el acompa\u00f1amiento."},"content":{"rendered":"<p>A todos los efectos, se entiende por violencias machistas la definici\u00f3n que recoge la Ley 11\/2016, de 28 de julio, de igualdad entre mujeres y hombres de las Islas Baleares en el art\u00edculo 65 como aquella que:<\/p>\n<blockquote><p>\u201c(\u2026) cualquier acto de violencia por raz\u00f3n de sexo que tenga como consecuencia, o que pueda tener como consecuencia, un perjuicio o sufrimiento en la salud f\u00edsica, sexual o psicol\u00f3gica, e incluye las amenazas de estos actos, la coerci\u00f3n y las privaciones arbitrarias de su libertad, tanto si se producen en la vida p\u00fablica como en la privada.\u201d<br \/>\n\u201c(\u2026) como manifestaci\u00f3n de la discriminaci\u00f3n, la situaci\u00f3n de desigualdad y las relaciones de poder de los hombres sobre las mujeres, se ejerce sobre estas por el hecho mismo de ser mujeres. (\u2026) se consideran v\u00edctimas las hijas y los hijos de la madre v\u00edctima de violencia.\u201d<\/p><\/blockquote>\n<h2>La atenci\u00f3n del Servicio de Acompa\u00f1amiento tiene como finalidades:<\/h2>\n<p>\u2013 <strong>Ofrecer a la v\u00edctima acompa\u00f1amiento<\/strong> mediante un <strong><a href=\"https:\/\/enequip.es\/es\/servicios-sociales\/servicios-de-atencion-a-las-mujeres\/\">servicio d\u00b4atenci\u00f3n a mujeres<\/a><\/strong> integral (jur\u00eddica, social, econ\u00f3mica y sanitaria) y especializada en relaci\u00f3n a las demandas espec\u00edficas que pueda tener en el momento de la situaci\u00f3n de emergencia o derivadas de ella a trav\u00e9s de un itinerario establecido entre la v\u00edctima y el Servicio.<br \/>\n\u2013 <strong>Ofrecer a la v\u00edctima un contexto de apoyo<\/strong> con el cual iniciar un proceso de\u00a0empoderament\u00a0de la v\u00edctima a trav\u00e9s de la contenci\u00f3n y canalizaci\u00f3n de las suyas emocionas, la informaci\u00f3n continua durante el proceso del mismo y la facilitaci\u00f3n en la toma de decisiones en situaciones de alta vulnerabilidad emocional.<\/p>\n<p>Las Islas Baleares presenta una tasa elevada de feminicidios y no tenemos que obviar que tan solo un porcentaje muy peque\u00f1o de mujeres denuncian. Por este motivo los datos solo son la punta del iceberg. Tenemos que tener en cuenta que quedan muchos casos ocultos en nuestra sociedad.<\/p>\n<p>Este es el principal motivo para seguir trabajando,<strong> potenciando la sensibilizaci\u00f3n de la poblaci\u00f3n<\/strong>, incrementando la difusi\u00f3n del servicio de acompa\u00f1amiento,<strong> aumentando los conocimientos de las personas profesionales para detectar casos de violencia machista<\/strong> y poder dar una intervenci\u00f3n integral a las violencias machistas.<\/p>\n<p>En enEquip actuamos. <strong>Nunca permitiremos, ni silenciaremos la violencia hacia las mujeres. Nuestro compromiso: una vida sin violencia, una vida con respeto.<\/strong><\/p>\n\n\t\t<style type=\"text\/css\">\n\t\t\t#gallery-1 {\n\t\t\t\tmargin: auto;\n\t\t\t}\n\t\t\t#gallery-1 .gallery-item {\n\t\t\t\tfloat: left;\n\t\t\t\tmargin-top: 10px;\n\t\t\t\ttext-align: center;\n\t\t\t\twidth: 33%;\n\t\t\t}\n\t\t\t#gallery-1 img {\n\t\t\t\tborder: 2px solid #cfcfcf;\n\t\t\t}\n\t\t\t#gallery-1 .gallery-caption {\n\t\t\t\tmargin-left: 0;\n\t\t\t}\n\t\t\t\/* see gallery_shortcode() in wp-includes\/media.php *\/\n\t\t<\/style>\n\t\t<div id='gallery-1' class='gallery galleryid-2885 gallery-columns-3 gallery-size-thumbnail'><dl class='gallery-item'>\n\t\t\t<dt class='gallery-icon landscape'>\n\t\t\t\t<a href='https:\/\/enequip.es\/es\/denuncia-social-i-acompanamiento-contra-la-violencia\/whatsapp-image-2020-11-25-at-15-33-44-2\/'><img loading=\"lazy\" decoding=\"async\" width=\"150\" height=\"150\" src=\"https:\/\/enequip.es\/wp-content\/uploads\/2020\/11\/WhatsApp-Image-2020-11-25-at-15.33.44-150x150.jpeg\" class=\"attachment-thumbnail size-thumbnail\" alt=\"\" srcset=\"https:\/\/enequip.es\/wp-content\/uploads\/2020\/11\/WhatsApp-Image-2020-11-25-at-15.33.44-150x150.jpeg 150w, https:\/\/enequip.es\/wp-content\/uploads\/2020\/11\/WhatsApp-Image-2020-11-25-at-15.33.44-40x40.jpeg 40w\" sizes=\"auto, (max-width: 150px) 100vw, 150px\" \/><\/a>\n\t\t\t<\/dt><\/dl><dl class='gallery-item'>\n\t\t\t<dt class='gallery-icon portrait'>\n\t\t\t\t<a href='https:\/\/enequip.es\/es\/denuncia-social-i-acompanamiento-contra-la-violencia\/whatsapp-image-2020-11-25-at-12-02-22-2\/'><img loading=\"lazy\" decoding=\"async\" width=\"150\" height=\"150\" src=\"https:\/\/enequip.es\/wp-content\/uploads\/2020\/11\/WhatsApp-Image-2020-11-25-at-12.02.22-150x150.jpeg\" class=\"attachment-thumbnail size-thumbnail\" alt=\"\" srcset=\"https:\/\/enequip.es\/wp-content\/uploads\/2020\/11\/WhatsApp-Image-2020-11-25-at-12.02.22-150x150.jpeg 150w, https:\/\/enequip.es\/wp-content\/uploads\/2020\/11\/WhatsApp-Image-2020-11-25-at-12.02.22-40x40.jpeg 40w\" sizes=\"auto, (max-width: 150px) 100vw, 150px\" \/><\/a>\n\t\t\t<\/dt><\/dl><dl class='gallery-item'>\n\t\t\t<dt class='gallery-icon portrait'>\n\t\t\t\t<a href='https:\/\/enequip.es\/es\/denuncia-social-i-acompanamiento-contra-la-violencia\/whatsapp-image-2020-11-25-at-10-39-00-1-2\/'><img loading=\"lazy\" decoding=\"async\" width=\"150\" height=\"150\" src=\"https:\/\/enequip.es\/wp-content\/uploads\/2020\/11\/WhatsApp-Image-2020-11-25-at-10.39.00-1-150x150.jpeg\" class=\"attachment-thumbnail size-thumbnail\" alt=\"\" srcset=\"https:\/\/enequip.es\/wp-content\/uploads\/2020\/11\/WhatsApp-Image-2020-11-25-at-10.39.00-1-150x150.jpeg 150w, https:\/\/enequip.es\/wp-content\/uploads\/2020\/11\/WhatsApp-Image-2020-11-25-at-10.39.00-1-40x40.jpeg 40w\" sizes=\"auto, (max-width: 150px) 100vw, 150px\" \/><\/a>\n\t\t\t<\/dt><\/dl><br style=\"clear: both\" \/><dl class='gallery-item'>\n\t\t\t<dt class='gallery-icon landscape'>\n\t\t\t\t<a href='https:\/\/enequip.es\/es\/denuncia-social-i-acompanamiento-contra-la-violencia\/whatsapp-image-2020-11-25-at-12-02-28-1-2\/'><img loading=\"lazy\" decoding=\"async\" width=\"150\" height=\"150\" src=\"https:\/\/enequip.es\/wp-content\/uploads\/2020\/11\/WhatsApp-Image-2020-11-25-at-12.02.28-1-150x150.jpeg\" class=\"attachment-thumbnail size-thumbnail\" alt=\"\" srcset=\"https:\/\/enequip.es\/wp-content\/uploads\/2020\/11\/WhatsApp-Image-2020-11-25-at-12.02.28-1-150x150.jpeg 150w, https:\/\/enequip.es\/wp-content\/uploads\/2020\/11\/WhatsApp-Image-2020-11-25-at-12.02.28-1-40x40.jpeg 40w\" sizes=\"auto, (max-width: 150px) 100vw, 150px\" \/><\/a>\n\t\t\t<\/dt><\/dl><dl class='gallery-item'>\n\t\t\t<dt class='gallery-icon portrait'>\n\t\t\t\t<a href='https:\/\/enequip.es\/es\/denuncia-social-i-acompanamiento-contra-la-violencia\/whatsapp-image-2020-11-25-at-12-02-28-2\/'><img loading=\"lazy\" decoding=\"async\" width=\"150\" height=\"150\" src=\"https:\/\/enequip.es\/wp-content\/uploads\/2020\/11\/WhatsApp-Image-2020-11-25-at-12.02.28-150x150.jpeg\" class=\"attachment-thumbnail size-thumbnail\" alt=\"\" srcset=\"https:\/\/enequip.es\/wp-content\/uploads\/2020\/11\/WhatsApp-Image-2020-11-25-at-12.02.28-150x150.jpeg 150w, https:\/\/enequip.es\/wp-content\/uploads\/2020\/11\/WhatsApp-Image-2020-11-25-at-12.02.28-40x40.jpeg 40w\" sizes=\"auto, (max-width: 150px) 100vw, 150px\" \/><\/a>\n\t\t\t<\/dt><\/dl><dl class='gallery-item'>\n\t\t\t<dt class='gallery-icon landscape'>\n\t\t\t\t<a href='https:\/\/enequip.es\/es\/denuncia-social-i-acompanamiento-contra-la-violencia\/whatsapp-image-2020-11-25-at-12-02-27-2\/'><img loading=\"lazy\" decoding=\"async\" width=\"150\" height=\"150\" src=\"https:\/\/enequip.es\/wp-content\/uploads\/2020\/11\/WhatsApp-Image-2020-11-25-at-12.02.27-150x150.jpeg\" class=\"attachment-thumbnail size-thumbnail\" alt=\"\" srcset=\"https:\/\/enequip.es\/wp-content\/uploads\/2020\/11\/WhatsApp-Image-2020-11-25-at-12.02.27-150x150.jpeg 150w, https:\/\/enequip.es\/wp-content\/uploads\/2020\/11\/WhatsApp-Image-2020-11-25-at-12.02.27-40x40.jpeg 40w\" sizes=\"auto, (max-width: 150px) 100vw, 150px\" \/><\/a>\n\t\t\t<\/dt><\/dl><br style=\"clear: both\" \/><dl class='gallery-item'>\n\t\t\t<dt class='gallery-icon portrait'>\n\t\t\t\t<a href='https:\/\/enequip.es\/es\/denuncia-social-i-acompanamiento-contra-la-violencia\/whatsapp-image-2020-11-25-at-10-39-00-2-2\/'><img loading=\"lazy\" decoding=\"async\" width=\"150\" height=\"150\" src=\"https:\/\/enequip.es\/wp-content\/uploads\/2020\/11\/WhatsApp-Image-2020-11-25-at-10.39.00-2-150x150.jpeg\" class=\"attachment-thumbnail size-thumbnail\" alt=\"\" srcset=\"https:\/\/enequip.es\/wp-content\/uploads\/2020\/11\/WhatsApp-Image-2020-11-25-at-10.39.00-2-150x150.jpeg 150w, https:\/\/enequip.es\/wp-content\/uploads\/2020\/11\/WhatsApp-Image-2020-11-25-at-10.39.00-2-40x40.jpeg 40w\" sizes=\"auto, (max-width: 150px) 100vw, 150px\" \/><\/a>\n\t\t\t<\/dt><\/dl><dl class='gallery-item'>\n\t\t\t<dt class='gallery-icon landscape'>\n\t\t\t\t<a href='https:\/\/enequip.es\/es\/denuncia-social-i-acompanamiento-contra-la-violencia\/whatsapp-image-2020-11-25-at-10-40-48-2\/'><img loading=\"lazy\" decoding=\"async\" width=\"150\" height=\"150\" src=\"https:\/\/enequip.es\/wp-content\/uploads\/2020\/11\/WhatsApp-Image-2020-11-25-at-10.40.48-150x150.jpeg\" class=\"attachment-thumbnail size-thumbnail\" alt=\"\" srcset=\"https:\/\/enequip.es\/wp-content\/uploads\/2020\/11\/WhatsApp-Image-2020-11-25-at-10.40.48-150x150.jpeg 150w, https:\/\/enequip.es\/wp-content\/uploads\/2020\/11\/WhatsApp-Image-2020-11-25-at-10.40.48-40x40.jpeg 40w\" sizes=\"auto, (max-width: 150px) 100vw, 150px\" \/><\/a>\n\t\t\t<\/dt><\/dl><dl class='gallery-item'>\n\t\t\t<dt class='gallery-icon landscape'>\n\t\t\t\t<a href='https:\/\/enequip.es\/es\/denuncia-social-i-acompanamiento-contra-la-violencia\/whatsapp-image-2020-11-25-at-15-33-58-2\/'><img loading=\"lazy\" decoding=\"async\" width=\"150\" height=\"150\" src=\"https:\/\/enequip.es\/wp-content\/uploads\/2020\/11\/WhatsApp-Image-2020-11-25-at-15.33.58-150x150.jpeg\" class=\"attachment-thumbnail size-thumbnail\" alt=\"\" srcset=\"https:\/\/enequip.es\/wp-content\/uploads\/2020\/11\/WhatsApp-Image-2020-11-25-at-15.33.58-150x150.jpeg 150w, https:\/\/enequip.es\/wp-content\/uploads\/2020\/11\/WhatsApp-Image-2020-11-25-at-15.33.58-40x40.jpeg 40w\" sizes=\"auto, (max-width: 150px) 100vw, 150px\" \/><\/a>\n\t\t\t<\/dt><\/dl><br style=\"clear: both\" \/>\n\t\t<\/div>\n\n","protected":false},"excerpt":{"rendered":"<p>A todos los efectos, se entiende por violencias machistas la definici\u00f3n que recoge la Ley 11\/2016, de 28 de julio, de igualdad entre mujeres y hombres de las Islas Baleares en el art\u00edculo 65 como aquella que: \u201c(\u2026) cualquier acto de violencia por raz\u00f3n de sexo que tenga como consecuencia, o que pueda tener como [&hellip;]<\/p>\n","protected":false},"author":1,"featured_media":2871,"comment_status":"closed","ping_status":"closed","sticky":false,"template":"","format":"standard","meta":{"footnotes":""},"categories":[37],"tags":[],"class_list":["post-2885","post","type-post","status-publish","format-standard","has-post-thumbnail","hentry","category-servicios-vulnerables"],"yoast_head":"<!-- This site is optimized with the Yoast SEO plugin v27.5 - https:\/\/yoast.com\/product\/yoast-seo-wordpress\/ -->\n<title>Para erradicar la violencia contra las mujeres es necesaria la denuncia social y el acompa\u00f1amiento. - enEquip, serveis integrals a persones i a edificis | Illes Balears<\/title>\n<meta name=\"robots\" content=\"index, follow, max-snippet:-1, max-image-preview:large, max-video-preview:-1\" \/>\n<link rel=\"canonical\" href=\"https:\/\/enequip.es\/es\/denuncia-social-i-acompanamiento-contra-la-violencia\/\" \/>\n<meta property=\"og:locale\" content=\"es_ES\" \/>\n<meta property=\"og:type\" content=\"article\" \/>\n<meta property=\"og:title\" content=\"Para erradicar la violencia contra las mujeres es necesaria la denuncia social y el acompa\u00f1amiento. - enEquip, serveis integrals a persones i a edificis | Illes Balears\" \/>\n<meta property=\"og:description\" content=\"A todos los efectos, se entiende por violencias machistas la definici\u00f3n que recoge la Ley 11\/2016, de 28 de julio, de igualdad entre mujeres y hombres de las Islas Baleares en el art\u00edculo 65 como aquella que: \u201c(\u2026) cualquier acto de violencia por raz\u00f3n de sexo que tenga como consecuencia, o que pueda tener como [&hellip;]\" \/>\n<meta property=\"og:url\" content=\"https:\/\/enequip.es\/es\/denuncia-social-i-acompanamiento-contra-la-violencia\/\" \/>\n<meta property=\"og:site_name\" content=\"enEquip, serveis integrals a persones i a edificis | Illes Balears\" \/>\n<meta property=\"article:published_time\" content=\"2020-11-25T10:25:51+00:00\" \/>\n<meta property=\"article:modified_time\" content=\"2020-11-25T15:05:48+00:00\" \/>\n<meta property=\"og:image\" content=\"https:\/\/enequip.es\/wp-content\/uploads\/2020\/11\/Dia-Internacional-para-la-Eliminacion-de-la-Violencia-contra-la-Mujer-1.png\" \/>\n\t<meta property=\"og:image:width\" content=\"1200\" \/>\n\t<meta property=\"og:image:height\" content=\"900\" \/>\n\t<meta property=\"og:image:type\" content=\"image\/png\" \/>\n<meta name=\"author\" content=\"enEquip\" \/>\n<meta name=\"twitter:card\" content=\"summary_large_image\" \/>\n<meta name=\"twitter:label1\" content=\"Escrito por\" \/>\n\t<meta name=\"twitter:data1\" content=\"enEquip\" \/>\n\t<meta name=\"twitter:label2\" content=\"Tiempo de lectura\" \/>\n\t<meta name=\"twitter:data2\" content=\"2 minutos\" \/>\n<script type=\"application\/ld+json\" class=\"yoast-schema-graph\">{\"@context\":\"https:\\\/\\\/schema.org\",\"@graph\":[{\"@type\":\"Article\",\"@id\":\"https:\\\/\\\/enequip.es\\\/es\\\/denuncia-social-i-acompanamiento-contra-la-violencia\\\/#article\",\"isPartOf\":{\"@id\":\"https:\\\/\\\/enequip.es\\\/es\\\/denuncia-social-i-acompanamiento-contra-la-violencia\\\/\"},\"author\":{\"name\":\"enEquip\",\"@id\":\"https:\\\/\\\/enequip.es\\\/es\\\/#\\\/schema\\\/person\\\/c181e75861933b9c7c062bf835d5c386\"},\"headline\":\"Para erradicar la violencia contra las mujeres es necesaria la denuncia social y el acompa\u00f1amiento.\",\"datePublished\":\"2020-11-25T10:25:51+00:00\",\"dateModified\":\"2020-11-25T15:05:48+00:00\",\"mainEntityOfPage\":{\"@id\":\"https:\\\/\\\/enequip.es\\\/es\\\/denuncia-social-i-acompanamiento-contra-la-violencia\\\/\"},\"wordCount\":419,\"publisher\":{\"@id\":\"https:\\\/\\\/enequip.es\\\/es\\\/#organization\"},\"image\":{\"@id\":\"https:\\\/\\\/enequip.es\\\/es\\\/denuncia-social-i-acompanamiento-contra-la-violencia\\\/#primaryimage\"},\"thumbnailUrl\":\"https:\\\/\\\/enequip.es\\\/wp-content\\\/uploads\\\/2020\\\/11\\\/Dia-Internacional-para-la-Eliminacion-de-la-Violencia-contra-la-Mujer-1.png\",\"articleSection\":[\"Servicios a vulnerables\"],\"inLanguage\":\"es\"},{\"@type\":\"WebPage\",\"@id\":\"https:\\\/\\\/enequip.es\\\/es\\\/denuncia-social-i-acompanamiento-contra-la-violencia\\\/\",\"url\":\"https:\\\/\\\/enequip.es\\\/es\\\/denuncia-social-i-acompanamiento-contra-la-violencia\\\/\",\"name\":\"Para erradicar la violencia contra las mujeres es necesaria la denuncia social y el acompa\u00f1amiento. - enEquip, serveis integrals a persones i a edificis | Illes Balears\",\"isPartOf\":{\"@id\":\"https:\\\/\\\/enequip.es\\\/es\\\/#website\"},\"primaryImageOfPage\":{\"@id\":\"https:\\\/\\\/enequip.es\\\/es\\\/denuncia-social-i-acompanamiento-contra-la-violencia\\\/#primaryimage\"},\"image\":{\"@id\":\"https:\\\/\\\/enequip.es\\\/es\\\/denuncia-social-i-acompanamiento-contra-la-violencia\\\/#primaryimage\"},\"thumbnailUrl\":\"https:\\\/\\\/enequip.es\\\/wp-content\\\/uploads\\\/2020\\\/11\\\/Dia-Internacional-para-la-Eliminacion-de-la-Violencia-contra-la-Mujer-1.png\",\"datePublished\":\"2020-11-25T10:25:51+00:00\",\"dateModified\":\"2020-11-25T15:05:48+00:00\",\"breadcrumb\":{\"@id\":\"https:\\\/\\\/enequip.es\\\/es\\\/denuncia-social-i-acompanamiento-contra-la-violencia\\\/#breadcrumb\"},\"inLanguage\":\"es\",\"potentialAction\":[{\"@type\":\"ReadAction\",\"target\":[\"https:\\\/\\\/enequip.es\\\/es\\\/denuncia-social-i-acompanamiento-contra-la-violencia\\\/\"]}]},{\"@type\":\"ImageObject\",\"inLanguage\":\"es\",\"@id\":\"https:\\\/\\\/enequip.es\\\/es\\\/denuncia-social-i-acompanamiento-contra-la-violencia\\\/#primaryimage\",\"url\":\"https:\\\/\\\/enequip.es\\\/wp-content\\\/uploads\\\/2020\\\/11\\\/Dia-Internacional-para-la-Eliminacion-de-la-Violencia-contra-la-Mujer-1.png\",\"contentUrl\":\"https:\\\/\\\/enequip.es\\\/wp-content\\\/uploads\\\/2020\\\/11\\\/Dia-Internacional-para-la-Eliminacion-de-la-Violencia-contra-la-Mujer-1.png\",\"width\":1200,\"height\":900},{\"@type\":\"BreadcrumbList\",\"@id\":\"https:\\\/\\\/enequip.es\\\/es\\\/denuncia-social-i-acompanamiento-contra-la-violencia\\\/#breadcrumb\",\"itemListElement\":[{\"@type\":\"ListItem\",\"position\":1,\"name\":\"Home\",\"item\":\"https:\\\/\\\/enequip.es\\\/es\\\/\"},{\"@type\":\"ListItem\",\"position\":2,\"name\":\"Para erradicar la violencia contra las mujeres es necesaria la denuncia social y el acompa\u00f1amiento.\"}]},{\"@type\":\"WebSite\",\"@id\":\"https:\\\/\\\/enequip.es\\\/es\\\/#website\",\"url\":\"https:\\\/\\\/enequip.es\\\/es\\\/\",\"name\":\"enEquip, serveis integrals a persones i a edificis | Illes Balears\",\"description\":\"Gestionam projectes per a millorar la vida de les persones i l&#039;entorn dels edifcis. Serveis socials i t\u00e8cnics a les Balears.\",\"publisher\":{\"@id\":\"https:\\\/\\\/enequip.es\\\/es\\\/#organization\"},\"potentialAction\":[{\"@type\":\"SearchAction\",\"target\":{\"@type\":\"EntryPoint\",\"urlTemplate\":\"https:\\\/\\\/enequip.es\\\/es\\\/?s={search_term_string}\"},\"query-input\":{\"@type\":\"PropertyValueSpecification\",\"valueRequired\":true,\"valueName\":\"search_term_string\"}}],\"inLanguage\":\"es\"},{\"@type\":\"Organization\",\"@id\":\"https:\\\/\\\/enequip.es\\\/es\\\/#organization\",\"name\":\"enEquip, serveis integrats a persones i a edificis\",\"url\":\"https:\\\/\\\/enequip.es\\\/es\\\/\",\"logo\":{\"@type\":\"ImageObject\",\"inLanguage\":\"es\",\"@id\":\"https:\\\/\\\/enequip.es\\\/es\\\/#\\\/schema\\\/logo\\\/image\\\/\",\"url\":\"https:\\\/\\\/enequip.es\\\/wp-content\\\/uploads\\\/2019\\\/06\\\/logo_enequip_negre.png\",\"contentUrl\":\"https:\\\/\\\/enequip.es\\\/wp-content\\\/uploads\\\/2019\\\/06\\\/logo_enequip_negre.png\",\"width\":236,\"height\":46,\"caption\":\"enEquip, serveis integrats a persones i a edificis\"},\"image\":{\"@id\":\"https:\\\/\\\/enequip.es\\\/es\\\/#\\\/schema\\\/logo\\\/image\\\/\"},\"sameAs\":[\"https:\\\/\\\/www.linkedin.com\\\/company\\\/enequip\\\/\"]},{\"@type\":\"Person\",\"@id\":\"https:\\\/\\\/enequip.es\\\/es\\\/#\\\/schema\\\/person\\\/c181e75861933b9c7c062bf835d5c386\",\"name\":\"enEquip\",\"image\":{\"@type\":\"ImageObject\",\"inLanguage\":\"es\",\"@id\":\"https:\\\/\\\/secure.gravatar.com\\\/avatar\\\/7d8a2110bd62b82561230bb6f6a34715efd6822c02697eb59bea7b6a1f61459d?s=96&d=mm&r=g\",\"url\":\"https:\\\/\\\/secure.gravatar.com\\\/avatar\\\/7d8a2110bd62b82561230bb6f6a34715efd6822c02697eb59bea7b6a1f61459d?s=96&d=mm&r=g\",\"contentUrl\":\"https:\\\/\\\/secure.gravatar.com\\\/avatar\\\/7d8a2110bd62b82561230bb6f6a34715efd6822c02697eb59bea7b6a1f61459d?s=96&d=mm&r=g\",\"caption\":\"enEquip\"}}]}<\/script>\n<!-- \/ Yoast SEO plugin. -->","yoast_head_json":{"title":"Para erradicar la violencia contra las mujeres es necesaria la denuncia social y el acompa\u00f1amiento. - enEquip, serveis integrals a persones i a edificis | Illes Balears","robots":{"index":"index","follow":"follow","max-snippet":"max-snippet:-1","max-image-preview":"max-image-preview:large","max-video-preview":"max-video-preview:-1"},"canonical":"https:\/\/enequip.es\/es\/denuncia-social-i-acompanamiento-contra-la-violencia\/","og_locale":"es_ES","og_type":"article","og_title":"Para erradicar la violencia contra las mujeres es necesaria la denuncia social y el acompa\u00f1amiento. - enEquip, serveis integrals a persones i a edificis | Illes Balears","og_description":"A todos los efectos, se entiende por violencias machistas la definici\u00f3n que recoge la Ley 11\/2016, de 28 de julio, de igualdad entre mujeres y hombres de las Islas Baleares en el art\u00edculo 65 como aquella que: \u201c(\u2026) cualquier acto de violencia por raz\u00f3n de sexo que tenga como consecuencia, o que pueda tener como [&hellip;]","og_url":"https:\/\/enequip.es\/es\/denuncia-social-i-acompanamiento-contra-la-violencia\/","og_site_name":"enEquip, serveis integrals a persones i a edificis | Illes Balears","article_published_time":"2020-11-25T10:25:51+00:00","article_modified_time":"2020-11-25T15:05:48+00:00","og_image":[{"width":1200,"height":900,"url":"https:\/\/enequip.es\/wp-content\/uploads\/2020\/11\/Dia-Internacional-para-la-Eliminacion-de-la-Violencia-contra-la-Mujer-1.png","type":"image\/png"}],"author":"enEquip","twitter_card":"summary_large_image","twitter_misc":{"Escrito por":"enEquip","Tiempo de lectura":"2 minutos"},"schema":{"@context":"https:\/\/schema.org","@graph":[{"@type":"Article","@id":"https:\/\/enequip.es\/es\/denuncia-social-i-acompanamiento-contra-la-violencia\/#article","isPartOf":{"@id":"https:\/\/enequip.es\/es\/denuncia-social-i-acompanamiento-contra-la-violencia\/"},"author":{"name":"enEquip","@id":"https:\/\/enequip.es\/es\/#\/schema\/person\/c181e75861933b9c7c062bf835d5c386"},"headline":"Para erradicar la violencia contra las mujeres es necesaria la denuncia social y el acompa\u00f1amiento.","datePublished":"2020-11-25T10:25:51+00:00","dateModified":"2020-11-25T15:05:48+00:00","mainEntityOfPage":{"@id":"https:\/\/enequip.es\/es\/denuncia-social-i-acompanamiento-contra-la-violencia\/"},"wordCount":419,"publisher":{"@id":"https:\/\/enequip.es\/es\/#organization"},"image":{"@id":"https:\/\/enequip.es\/es\/denuncia-social-i-acompanamiento-contra-la-violencia\/#primaryimage"},"thumbnailUrl":"https:\/\/enequip.es\/wp-content\/uploads\/2020\/11\/Dia-Internacional-para-la-Eliminacion-de-la-Violencia-contra-la-Mujer-1.png","articleSection":["Servicios a vulnerables"],"inLanguage":"es"},{"@type":"WebPage","@id":"https:\/\/enequip.es\/es\/denuncia-social-i-acompanamiento-contra-la-violencia\/","url":"https:\/\/enequip.es\/es\/denuncia-social-i-acompanamiento-contra-la-violencia\/","name":"Para erradicar la violencia contra las mujeres es necesaria la denuncia social y el acompa\u00f1amiento. - enEquip, serveis integrals a persones i a edificis | Illes Balears","isPartOf":{"@id":"https:\/\/enequip.es\/es\/#website"},"primaryImageOfPage":{"@id":"https:\/\/enequip.es\/es\/denuncia-social-i-acompanamiento-contra-la-violencia\/#primaryimage"},"image":{"@id":"https:\/\/enequip.es\/es\/denuncia-social-i-acompanamiento-contra-la-violencia\/#primaryimage"},"thumbnailUrl":"https:\/\/enequip.es\/wp-content\/uploads\/2020\/11\/Dia-Internacional-para-la-Eliminacion-de-la-Violencia-contra-la-Mujer-1.png","datePublished":"2020-11-25T10:25:51+00:00","dateModified":"2020-11-25T15:05:48+00:00","breadcrumb":{"@id":"https:\/\/enequip.es\/es\/denuncia-social-i-acompanamiento-contra-la-violencia\/#breadcrumb"},"inLanguage":"es","potentialAction":[{"@type":"ReadAction","target":["https:\/\/enequip.es\/es\/denuncia-social-i-acompanamiento-contra-la-violencia\/"]}]},{"@type":"ImageObject","inLanguage":"es","@id":"https:\/\/enequip.es\/es\/denuncia-social-i-acompanamiento-contra-la-violencia\/#primaryimage","url":"https:\/\/enequip.es\/wp-content\/uploads\/2020\/11\/Dia-Internacional-para-la-Eliminacion-de-la-Violencia-contra-la-Mujer-1.png","contentUrl":"https:\/\/enequip.es\/wp-content\/uploads\/2020\/11\/Dia-Internacional-para-la-Eliminacion-de-la-Violencia-contra-la-Mujer-1.png","width":1200,"height":900},{"@type":"BreadcrumbList","@id":"https:\/\/enequip.es\/es\/denuncia-social-i-acompanamiento-contra-la-violencia\/#breadcrumb","itemListElement":[{"@type":"ListItem","position":1,"name":"Home","item":"https:\/\/enequip.es\/es\/"},{"@type":"ListItem","position":2,"name":"Para erradicar la violencia contra las mujeres es necesaria la denuncia social y el acompa\u00f1amiento."}]},{"@type":"WebSite","@id":"https:\/\/enequip.es\/es\/#website","url":"https:\/\/enequip.es\/es\/","name":"enEquip, serveis integrals a persones i a edificis | Illes Balears","description":"Gestionam projectes per a millorar la vida de les persones i l&#039;entorn dels edifcis. Serveis socials i t\u00e8cnics a les Balears.","publisher":{"@id":"https:\/\/enequip.es\/es\/#organization"},"potentialAction":[{"@type":"SearchAction","target":{"@type":"EntryPoint","urlTemplate":"https:\/\/enequip.es\/es\/?s={search_term_string}"},"query-input":{"@type":"PropertyValueSpecification","valueRequired":true,"valueName":"search_term_string"}}],"inLanguage":"es"},{"@type":"Organization","@id":"https:\/\/enequip.es\/es\/#organization","name":"enEquip, serveis integrats a persones i a edificis","url":"https:\/\/enequip.es\/es\/","logo":{"@type":"ImageObject","inLanguage":"es","@id":"https:\/\/enequip.es\/es\/#\/schema\/logo\/image\/","url":"https:\/\/enequip.es\/wp-content\/uploads\/2019\/06\/logo_enequip_negre.png","contentUrl":"https:\/\/enequip.es\/wp-content\/uploads\/2019\/06\/logo_enequip_negre.png","width":236,"height":46,"caption":"enEquip, serveis integrats a persones i a edificis"},"image":{"@id":"https:\/\/enequip.es\/es\/#\/schema\/logo\/image\/"},"sameAs":["https:\/\/www.linkedin.com\/company\/enequip\/"]},{"@type":"Person","@id":"https:\/\/enequip.es\/es\/#\/schema\/person\/c181e75861933b9c7c062bf835d5c386","name":"enEquip","image":{"@type":"ImageObject","inLanguage":"es","@id":"https:\/\/secure.gravatar.com\/avatar\/7d8a2110bd62b82561230bb6f6a34715efd6822c02697eb59bea7b6a1f61459d?s=96&d=mm&r=g","url":"https:\/\/secure.gravatar.com\/avatar\/7d8a2110bd62b82561230bb6f6a34715efd6822c02697eb59bea7b6a1f61459d?s=96&d=mm&r=g","contentUrl":"https:\/\/secure.gravatar.com\/avatar\/7d8a2110bd62b82561230bb6f6a34715efd6822c02697eb59bea7b6a1f61459d?s=96&d=mm&r=g","caption":"enEquip"}}]}},"_links":{"self":[{"href":"https:\/\/enequip.es\/es\/wp-json\/wp\/v2\/posts\/2885","targetHints":{"allow":["GET"]}}],"collection":[{"href":"https:\/\/enequip.es\/es\/wp-json\/wp\/v2\/posts"}],"about":[{"href":"https:\/\/enequip.es\/es\/wp-json\/wp\/v2\/types\/post"}],"author":[{"embeddable":true,"href":"https:\/\/enequip.es\/es\/wp-json\/wp\/v2\/users\/1"}],"replies":[{"embeddable":true,"href":"https:\/\/enequip.es\/es\/wp-json\/wp\/v2\/comments?post=2885"}],"version-history":[{"count":7,"href":"https:\/\/enequip.es\/es\/wp-json\/wp\/v2\/posts\/2885\/revisions"}],"predecessor-version":[{"id":2917,"href":"https:\/\/enequip.es\/es\/wp-json\/wp\/v2\/posts\/2885\/revisions\/2917"}],"wp:featuredmedia":[{"embeddable":true,"href":"https:\/\/enequip.es\/es\/wp-json\/wp\/v2\/media\/2871"}],"wp:attachment":[{"href":"https:\/\/enequip.es\/es\/wp-json\/wp\/v2\/media?parent=2885"}],"wp:term":[{"taxonomy":"category","embeddable":true,"href":"https:\/\/enequip.es\/es\/wp-json\/wp\/v2\/categories?post=2885"},{"taxonomy":"post_tag","embeddable":true,"href":"https:\/\/enequip.es\/es\/wp-json\/wp\/v2\/tags?post=2885"}],"curies":[{"name":"wp","href":"https:\/\/api.w.org\/{rel}","templated":true}]}}