{"id":3067,"date":"2021-02-04T08:09:08","date_gmt":"2021-02-04T07:09:08","guid":{"rendered":"https:\/\/enequip.es\/?p=3067"},"modified":"2021-02-10T09:28:03","modified_gmt":"2021-02-10T08:28:03","slug":"comprometidos-con-el-medio-ambiente-y-la-sostenibilidad","status":"publish","type":"post","link":"https:\/\/enequip.es\/es\/comprometidos-con-el-medio-ambiente-y-la-sostenibilidad\/","title":{"rendered":"enEquip, comprometidos con el medio ambiente y la sostenibilidad"},"content":{"rendered":"<p class=\"p1\">Los aspectos medioambientales de la Responsabilidad Social Corporativa est\u00e1n relacionados con los posibles impactos que una empresa produce en el medio ambiente, as\u00ed como el consumo que realiza de los diferentes recursos.<\/p>\n<p class=\"p1\">Pero tambi\u00e9n en la ecoeficiencia de las actividades, servicios y las instalaciones de la empresa, as\u00ed como la eficacia de su gesti\u00f3n medioambiental.<\/p>\n<h2 class=\"p1\">Somos una empresa responsable con nuestro entorno<\/h2>\n<p class=\"p1\">El compromiso de enEquip es contribuir a crear entornos m\u00e1s sostenibles, lo que se ve reflejado en acciones que abogan por un consumo responsable.<span class=\"Apple-converted-space\">\u00a0 <\/span>Las personas que trabajamos en enEquip tratamos de contribuir de forma voluntaria a la mejora ambiental. Y lo hacemos a trav\u00e9s de:<\/p>\n<h2 class=\"p1\">La adopci\u00f3n de las 3 erres del consumo sostenible<\/h2>\n<p>Reducir.<br \/>\nReutilizar.<br \/>\nReciclar.<\/p>\n<p class=\"p1\">La protecci\u00f3n del medio ambiente es esencial para la calidad de vida. El reto radica en combinarla con un crecimiento econ\u00f3mico continuo y sostenible a largo plazo.<\/p>\n<h2 class=\"p1\"><span class=\"s1\">Nuestro compromiso se fundamenta en los siguientes Principios B\u00e1sicos de Actuaci\u00f3n<\/span>:<\/h2>\n<p>_Uso responsable de los recursos: papel, agua, combustible o electricidad.<\/p>\n<p>_Medidas para reducir el pl\u00e1stico, ofreciendo herramientas que nos facilitan el mantenimiento de ese compromiso:<\/p>\n<p><img loading=\"lazy\" decoding=\"async\" class=\"size-medium wp-image-3077 aligncenter\" src=\"https:\/\/enequip.es\/wp-content\/uploads\/2021\/01\/botella-reutilizable-1-225x300.jpg\" alt=\"\" width=\"225\" height=\"300\" srcset=\"https:\/\/enequip.es\/wp-content\/uploads\/2021\/01\/botella-reutilizable-1-225x300.jpg 225w, https:\/\/enequip.es\/wp-content\/uploads\/2021\/01\/botella-reutilizable-1-768x1024.jpg 768w, https:\/\/enequip.es\/wp-content\/uploads\/2021\/01\/botella-reutilizable-1-1152x1536.jpg 1152w, https:\/\/enequip.es\/wp-content\/uploads\/2021\/01\/botella-reutilizable-1-1536x2048.jpg 1536w, https:\/\/enequip.es\/wp-content\/uploads\/2021\/01\/botella-reutilizable-1-scaled.jpg 1920w\" sizes=\"auto, (max-width: 225px) 100vw, 225px\" \/><\/p>\n<p style=\"text-align: center;\">Instalaci\u00f3n de fuente de agua potable y botella reutilizable de agua.<\/p>\n<p style=\"text-align: center;\">Bol\u00edgrafos de bamb\u00fa.<\/p>\n<p>&nbsp;<\/p>\n<p><img loading=\"lazy\" decoding=\"async\" class=\"size-medium wp-image-3073 aligncenter\" src=\"https:\/\/enequip.es\/wp-content\/uploads\/2021\/01\/bolsa-reutilizable-300x225.jpeg\" alt=\"\" width=\"300\" height=\"225\" srcset=\"https:\/\/enequip.es\/wp-content\/uploads\/2021\/01\/bolsa-reutilizable-300x225.jpeg 300w, https:\/\/enequip.es\/wp-content\/uploads\/2021\/01\/bolsa-reutilizable-1024x768.jpeg 1024w, https:\/\/enequip.es\/wp-content\/uploads\/2021\/01\/bolsa-reutilizable-768x576.jpeg 768w, https:\/\/enequip.es\/wp-content\/uploads\/2021\/01\/bolsa-reutilizable-1536x1152.jpeg 1536w, https:\/\/enequip.es\/wp-content\/uploads\/2021\/01\/bolsa-reutilizable.jpeg 2048w\" sizes=\"auto, (max-width: 300px) 100vw, 300px\" \/><\/p>\n<p style=\"text-align: center;\">Bolsas reutilizables de rafia.<\/p>\n<p>&nbsp;<\/p>\n<p><img loading=\"lazy\" decoding=\"async\" class=\"aligncenter wp-image-3075 size-medium\" src=\"https:\/\/enequip.es\/wp-content\/uploads\/2021\/01\/berenar-sense-residus-e1611912589456-300x225.jpeg\" alt=\"\" width=\"300\" height=\"225\" srcset=\"https:\/\/enequip.es\/wp-content\/uploads\/2021\/01\/berenar-sense-residus-e1611912589456-300x225.jpeg 300w, https:\/\/enequip.es\/wp-content\/uploads\/2021\/01\/berenar-sense-residus-e1611912589456-1024x768.jpeg 1024w, https:\/\/enequip.es\/wp-content\/uploads\/2021\/01\/berenar-sense-residus-e1611912589456-768x576.jpeg 768w, https:\/\/enequip.es\/wp-content\/uploads\/2021\/01\/berenar-sense-residus-e1611912589456-1536x1152.jpeg 1536w, https:\/\/enequip.es\/wp-content\/uploads\/2021\/01\/berenar-sense-residus-e1611912589456.jpeg 2048w\" sizes=\"auto, (max-width: 300px) 100vw, 300px\" \/><\/p>\n<p style=\"text-align: center;\">Nevera porta merienda.<\/p>\n<p>&nbsp;<\/p>\n<p>_Medidas para incrementar el reciclaje:<\/p>\n<p>Ofrecer la recogida diferenciada de residuos.<\/p>\n<p>Fomentar la separaci\u00f3n de residuos brindando educaci\u00f3n, formaci\u00f3n y concienciaci\u00f3n social a las personas profesionales.<\/p>\n<p>_Apuesta por la movilidad sostenible.\u00a0En este sentido, se han adquirido cinco veh\u00edculos con tarjeta distintiva ECO para la supervisi\u00f3n de los centros donde prestamos servicios, y nuestro compromiso es ir adquiriendo m\u00e1s veh\u00edculos ECO, progresivamente.<\/p>\n","protected":false},"excerpt":{"rendered":"<p>Los aspectos medioambientales de la Responsabilidad Social Corporativa est\u00e1n relacionados con los posibles impactos que una empresa produce en el medio ambiente, as\u00ed como el consumo que realiza de los diferentes recursos. Pero tambi\u00e9n en la ecoeficiencia de las actividades, servicios y las instalaciones de la empresa, as\u00ed como la eficacia de su gesti\u00f3n medioambiental. [&hellip;]<\/p>\n","protected":false},"author":1,"featured_media":3081,"comment_status":"closed","ping_status":"closed","sticky":false,"template":"","format":"standard","meta":{"footnotes":""},"categories":[41],"tags":[],"class_list":["post-3067","post","type-post","status-publish","format-standard","has-post-thumbnail","hentry","category-servicios-islas-baleares"],"yoast_head":"<!-- This site is optimized with the Yoast SEO plugin v27.5 - https:\/\/yoast.com\/product\/yoast-seo-wordpress\/ -->\n<title>enEquip, comprometidos con el medio ambiente y la sostenibilidad - enEquip, serveis integrals a persones i a edificis | Illes Balears<\/title>\n<meta name=\"description\" content=\"Las personas que trabajamos en enEquip tratamos de contribuir de forma voluntaria a la mejora ambiental\" \/>\n<meta name=\"robots\" content=\"index, follow, max-snippet:-1, max-image-preview:large, max-video-preview:-1\" \/>\n<link rel=\"canonical\" href=\"https:\/\/enequip.es\/es\/comprometidos-con-el-medio-ambiente-y-la-sostenibilidad\/\" \/>\n<meta property=\"og:locale\" content=\"es_ES\" \/>\n<meta property=\"og:type\" content=\"article\" \/>\n<meta property=\"og:title\" content=\"enEquip, comprometidos con el medio ambiente y la sostenibilidad - enEquip, serveis integrals a persones i a edificis | Illes Balears\" \/>\n<meta property=\"og:description\" content=\"Las personas que trabajamos en enEquip tratamos de contribuir de forma voluntaria a la mejora ambiental\" \/>\n<meta property=\"og:url\" content=\"https:\/\/enequip.es\/es\/comprometidos-con-el-medio-ambiente-y-la-sostenibilidad\/\" \/>\n<meta property=\"og:site_name\" content=\"enEquip, serveis integrals a persones i a edificis | Illes Balears\" \/>\n<meta property=\"article:published_time\" content=\"2021-02-04T07:09:08+00:00\" \/>\n<meta property=\"article:modified_time\" content=\"2021-02-10T08:28:03+00:00\" \/>\n<meta property=\"og:image\" content=\"https:\/\/enequip.es\/wp-content\/uploads\/2021\/01\/medio-ambiente-scaled.jpg\" \/>\n\t<meta property=\"og:image:width\" content=\"2560\" \/>\n\t<meta property=\"og:image:height\" content=\"1466\" \/>\n\t<meta property=\"og:image:type\" content=\"image\/jpeg\" \/>\n<meta name=\"author\" content=\"enEquip\" \/>\n<meta name=\"twitter:card\" content=\"summary_large_image\" \/>\n<meta name=\"twitter:label1\" content=\"Escrito por\" \/>\n\t<meta name=\"twitter:data1\" content=\"enEquip\" \/>\n\t<meta name=\"twitter:label2\" content=\"Tiempo de lectura\" \/>\n\t<meta name=\"twitter:data2\" content=\"1 minuto\" \/>\n<script type=\"application\/ld+json\" class=\"yoast-schema-graph\">{\"@context\":\"https:\\\/\\\/schema.org\",\"@graph\":[{\"@type\":\"Article\",\"@id\":\"https:\\\/\\\/enequip.es\\\/es\\\/comprometidos-con-el-medio-ambiente-y-la-sostenibilidad\\\/#article\",\"isPartOf\":{\"@id\":\"https:\\\/\\\/enequip.es\\\/es\\\/comprometidos-con-el-medio-ambiente-y-la-sostenibilidad\\\/\"},\"author\":{\"name\":\"enEquip\",\"@id\":\"https:\\\/\\\/enequip.es\\\/es\\\/#\\\/schema\\\/person\\\/c181e75861933b9c7c062bf835d5c386\"},\"headline\":\"enEquip, comprometidos con el medio ambiente y la sostenibilidad\",\"datePublished\":\"2021-02-04T07:09:08+00:00\",\"dateModified\":\"2021-02-10T08:28:03+00:00\",\"mainEntityOfPage\":{\"@id\":\"https:\\\/\\\/enequip.es\\\/es\\\/comprometidos-con-el-medio-ambiente-y-la-sostenibilidad\\\/\"},\"wordCount\":298,\"publisher\":{\"@id\":\"https:\\\/\\\/enequip.es\\\/es\\\/#organization\"},\"image\":{\"@id\":\"https:\\\/\\\/enequip.es\\\/es\\\/comprometidos-con-el-medio-ambiente-y-la-sostenibilidad\\\/#primaryimage\"},\"thumbnailUrl\":\"https:\\\/\\\/enequip.es\\\/wp-content\\\/uploads\\\/2021\\\/01\\\/medio-ambiente-scaled.jpg\",\"articleSection\":[\"Servicios a las Baleares\"],\"inLanguage\":\"es\"},{\"@type\":\"WebPage\",\"@id\":\"https:\\\/\\\/enequip.es\\\/es\\\/comprometidos-con-el-medio-ambiente-y-la-sostenibilidad\\\/\",\"url\":\"https:\\\/\\\/enequip.es\\\/es\\\/comprometidos-con-el-medio-ambiente-y-la-sostenibilidad\\\/\",\"name\":\"enEquip, comprometidos con el medio ambiente y la sostenibilidad - enEquip, serveis integrals a persones i a edificis | Illes Balears\",\"isPartOf\":{\"@id\":\"https:\\\/\\\/enequip.es\\\/es\\\/#website\"},\"primaryImageOfPage\":{\"@id\":\"https:\\\/\\\/enequip.es\\\/es\\\/comprometidos-con-el-medio-ambiente-y-la-sostenibilidad\\\/#primaryimage\"},\"image\":{\"@id\":\"https:\\\/\\\/enequip.es\\\/es\\\/comprometidos-con-el-medio-ambiente-y-la-sostenibilidad\\\/#primaryimage\"},\"thumbnailUrl\":\"https:\\\/\\\/enequip.es\\\/wp-content\\\/uploads\\\/2021\\\/01\\\/medio-ambiente-scaled.jpg\",\"datePublished\":\"2021-02-04T07:09:08+00:00\",\"dateModified\":\"2021-02-10T08:28:03+00:00\",\"description\":\"Las personas que trabajamos en enEquip tratamos de contribuir de forma voluntaria a la mejora ambiental\",\"breadcrumb\":{\"@id\":\"https:\\\/\\\/enequip.es\\\/es\\\/comprometidos-con-el-medio-ambiente-y-la-sostenibilidad\\\/#breadcrumb\"},\"inLanguage\":\"es\",\"potentialAction\":[{\"@type\":\"ReadAction\",\"target\":[\"https:\\\/\\\/enequip.es\\\/es\\\/comprometidos-con-el-medio-ambiente-y-la-sostenibilidad\\\/\"]}]},{\"@type\":\"ImageObject\",\"inLanguage\":\"es\",\"@id\":\"https:\\\/\\\/enequip.es\\\/es\\\/comprometidos-con-el-medio-ambiente-y-la-sostenibilidad\\\/#primaryimage\",\"url\":\"https:\\\/\\\/enequip.es\\\/wp-content\\\/uploads\\\/2021\\\/01\\\/medio-ambiente-scaled.jpg\",\"contentUrl\":\"https:\\\/\\\/enequip.es\\\/wp-content\\\/uploads\\\/2021\\\/01\\\/medio-ambiente-scaled.jpg\",\"width\":2560,\"height\":1466},{\"@type\":\"BreadcrumbList\",\"@id\":\"https:\\\/\\\/enequip.es\\\/es\\\/comprometidos-con-el-medio-ambiente-y-la-sostenibilidad\\\/#breadcrumb\",\"itemListElement\":[{\"@type\":\"ListItem\",\"position\":1,\"name\":\"Home\",\"item\":\"https:\\\/\\\/enequip.es\\\/es\\\/\"},{\"@type\":\"ListItem\",\"position\":2,\"name\":\"enEquip, comprometidos con el medio ambiente y la sostenibilidad\"}]},{\"@type\":\"WebSite\",\"@id\":\"https:\\\/\\\/enequip.es\\\/es\\\/#website\",\"url\":\"https:\\\/\\\/enequip.es\\\/es\\\/\",\"name\":\"enEquip, serveis integrals a persones i a edificis | Illes Balears\",\"description\":\"Gestionam projectes per a millorar la vida de les persones i l&#039;entorn dels edifcis. Serveis socials i t\u00e8cnics a les Balears.\",\"publisher\":{\"@id\":\"https:\\\/\\\/enequip.es\\\/es\\\/#organization\"},\"potentialAction\":[{\"@type\":\"SearchAction\",\"target\":{\"@type\":\"EntryPoint\",\"urlTemplate\":\"https:\\\/\\\/enequip.es\\\/es\\\/?s={search_term_string}\"},\"query-input\":{\"@type\":\"PropertyValueSpecification\",\"valueRequired\":true,\"valueName\":\"search_term_string\"}}],\"inLanguage\":\"es\"},{\"@type\":\"Organization\",\"@id\":\"https:\\\/\\\/enequip.es\\\/es\\\/#organization\",\"name\":\"enEquip, serveis integrats a persones i a edificis\",\"url\":\"https:\\\/\\\/enequip.es\\\/es\\\/\",\"logo\":{\"@type\":\"ImageObject\",\"inLanguage\":\"es\",\"@id\":\"https:\\\/\\\/enequip.es\\\/es\\\/#\\\/schema\\\/logo\\\/image\\\/\",\"url\":\"https:\\\/\\\/enequip.es\\\/wp-content\\\/uploads\\\/2019\\\/06\\\/logo_enequip_negre.png\",\"contentUrl\":\"https:\\\/\\\/enequip.es\\\/wp-content\\\/uploads\\\/2019\\\/06\\\/logo_enequip_negre.png\",\"width\":236,\"height\":46,\"caption\":\"enEquip, serveis integrats a persones i a edificis\"},\"image\":{\"@id\":\"https:\\\/\\\/enequip.es\\\/es\\\/#\\\/schema\\\/logo\\\/image\\\/\"},\"sameAs\":[\"https:\\\/\\\/www.linkedin.com\\\/company\\\/enequip\\\/\"]},{\"@type\":\"Person\",\"@id\":\"https:\\\/\\\/enequip.es\\\/es\\\/#\\\/schema\\\/person\\\/c181e75861933b9c7c062bf835d5c386\",\"name\":\"enEquip\",\"image\":{\"@type\":\"ImageObject\",\"inLanguage\":\"es\",\"@id\":\"https:\\\/\\\/secure.gravatar.com\\\/avatar\\\/7d8a2110bd62b82561230bb6f6a34715efd6822c02697eb59bea7b6a1f61459d?s=96&d=mm&r=g\",\"url\":\"https:\\\/\\\/secure.gravatar.com\\\/avatar\\\/7d8a2110bd62b82561230bb6f6a34715efd6822c02697eb59bea7b6a1f61459d?s=96&d=mm&r=g\",\"contentUrl\":\"https:\\\/\\\/secure.gravatar.com\\\/avatar\\\/7d8a2110bd62b82561230bb6f6a34715efd6822c02697eb59bea7b6a1f61459d?s=96&d=mm&r=g\",\"caption\":\"enEquip\"}}]}<\/script>\n<!-- \/ Yoast SEO plugin. -->","yoast_head_json":{"title":"enEquip, comprometidos con el medio ambiente y la sostenibilidad - enEquip, serveis integrals a persones i a edificis | Illes Balears","description":"Las personas que trabajamos en enEquip tratamos de contribuir de forma voluntaria a la mejora ambiental","robots":{"index":"index","follow":"follow","max-snippet":"max-snippet:-1","max-image-preview":"max-image-preview:large","max-video-preview":"max-video-preview:-1"},"canonical":"https:\/\/enequip.es\/es\/comprometidos-con-el-medio-ambiente-y-la-sostenibilidad\/","og_locale":"es_ES","og_type":"article","og_title":"enEquip, comprometidos con el medio ambiente y la sostenibilidad - enEquip, serveis integrals a persones i a edificis | Illes Balears","og_description":"Las personas que trabajamos en enEquip tratamos de contribuir de forma voluntaria a la mejora ambiental","og_url":"https:\/\/enequip.es\/es\/comprometidos-con-el-medio-ambiente-y-la-sostenibilidad\/","og_site_name":"enEquip, serveis integrals a persones i a edificis | Illes Balears","article_published_time":"2021-02-04T07:09:08+00:00","article_modified_time":"2021-02-10T08:28:03+00:00","og_image":[{"width":2560,"height":1466,"url":"https:\/\/enequip.es\/wp-content\/uploads\/2021\/01\/medio-ambiente-scaled.jpg","type":"image\/jpeg"}],"author":"enEquip","twitter_card":"summary_large_image","twitter_misc":{"Escrito por":"enEquip","Tiempo de lectura":"1 minuto"},"schema":{"@context":"https:\/\/schema.org","@graph":[{"@type":"Article","@id":"https:\/\/enequip.es\/es\/comprometidos-con-el-medio-ambiente-y-la-sostenibilidad\/#article","isPartOf":{"@id":"https:\/\/enequip.es\/es\/comprometidos-con-el-medio-ambiente-y-la-sostenibilidad\/"},"author":{"name":"enEquip","@id":"https:\/\/enequip.es\/es\/#\/schema\/person\/c181e75861933b9c7c062bf835d5c386"},"headline":"enEquip, comprometidos con el medio ambiente y la sostenibilidad","datePublished":"2021-02-04T07:09:08+00:00","dateModified":"2021-02-10T08:28:03+00:00","mainEntityOfPage":{"@id":"https:\/\/enequip.es\/es\/comprometidos-con-el-medio-ambiente-y-la-sostenibilidad\/"},"wordCount":298,"publisher":{"@id":"https:\/\/enequip.es\/es\/#organization"},"image":{"@id":"https:\/\/enequip.es\/es\/comprometidos-con-el-medio-ambiente-y-la-sostenibilidad\/#primaryimage"},"thumbnailUrl":"https:\/\/enequip.es\/wp-content\/uploads\/2021\/01\/medio-ambiente-scaled.jpg","articleSection":["Servicios a las Baleares"],"inLanguage":"es"},{"@type":"WebPage","@id":"https:\/\/enequip.es\/es\/comprometidos-con-el-medio-ambiente-y-la-sostenibilidad\/","url":"https:\/\/enequip.es\/es\/comprometidos-con-el-medio-ambiente-y-la-sostenibilidad\/","name":"enEquip, comprometidos con el medio ambiente y la sostenibilidad - enEquip, serveis integrals a persones i a edificis | Illes Balears","isPartOf":{"@id":"https:\/\/enequip.es\/es\/#website"},"primaryImageOfPage":{"@id":"https:\/\/enequip.es\/es\/comprometidos-con-el-medio-ambiente-y-la-sostenibilidad\/#primaryimage"},"image":{"@id":"https:\/\/enequip.es\/es\/comprometidos-con-el-medio-ambiente-y-la-sostenibilidad\/#primaryimage"},"thumbnailUrl":"https:\/\/enequip.es\/wp-content\/uploads\/2021\/01\/medio-ambiente-scaled.jpg","datePublished":"2021-02-04T07:09:08+00:00","dateModified":"2021-02-10T08:28:03+00:00","description":"Las personas que trabajamos en enEquip tratamos de contribuir de forma voluntaria a la mejora ambiental","breadcrumb":{"@id":"https:\/\/enequip.es\/es\/comprometidos-con-el-medio-ambiente-y-la-sostenibilidad\/#breadcrumb"},"inLanguage":"es","potentialAction":[{"@type":"ReadAction","target":["https:\/\/enequip.es\/es\/comprometidos-con-el-medio-ambiente-y-la-sostenibilidad\/"]}]},{"@type":"ImageObject","inLanguage":"es","@id":"https:\/\/enequip.es\/es\/comprometidos-con-el-medio-ambiente-y-la-sostenibilidad\/#primaryimage","url":"https:\/\/enequip.es\/wp-content\/uploads\/2021\/01\/medio-ambiente-scaled.jpg","contentUrl":"https:\/\/enequip.es\/wp-content\/uploads\/2021\/01\/medio-ambiente-scaled.jpg","width":2560,"height":1466},{"@type":"BreadcrumbList","@id":"https:\/\/enequip.es\/es\/comprometidos-con-el-medio-ambiente-y-la-sostenibilidad\/#breadcrumb","itemListElement":[{"@type":"ListItem","position":1,"name":"Home","item":"https:\/\/enequip.es\/es\/"},{"@type":"ListItem","position":2,"name":"enEquip, comprometidos con el medio ambiente y la sostenibilidad"}]},{"@type":"WebSite","@id":"https:\/\/enequip.es\/es\/#website","url":"https:\/\/enequip.es\/es\/","name":"enEquip, serveis integrals a persones i a edificis | Illes Balears","description":"Gestionam projectes per a millorar la vida de les persones i l&#039;entorn dels edifcis. Serveis socials i t\u00e8cnics a les Balears.","publisher":{"@id":"https:\/\/enequip.es\/es\/#organization"},"potentialAction":[{"@type":"SearchAction","target":{"@type":"EntryPoint","urlTemplate":"https:\/\/enequip.es\/es\/?s={search_term_string}"},"query-input":{"@type":"PropertyValueSpecification","valueRequired":true,"valueName":"search_term_string"}}],"inLanguage":"es"},{"@type":"Organization","@id":"https:\/\/enequip.es\/es\/#organization","name":"enEquip, serveis integrats a persones i a edificis","url":"https:\/\/enequip.es\/es\/","logo":{"@type":"ImageObject","inLanguage":"es","@id":"https:\/\/enequip.es\/es\/#\/schema\/logo\/image\/","url":"https:\/\/enequip.es\/wp-content\/uploads\/2019\/06\/logo_enequip_negre.png","contentUrl":"https:\/\/enequip.es\/wp-content\/uploads\/2019\/06\/logo_enequip_negre.png","width":236,"height":46,"caption":"enEquip, serveis integrats a persones i a edificis"},"image":{"@id":"https:\/\/enequip.es\/es\/#\/schema\/logo\/image\/"},"sameAs":["https:\/\/www.linkedin.com\/company\/enequip\/"]},{"@type":"Person","@id":"https:\/\/enequip.es\/es\/#\/schema\/person\/c181e75861933b9c7c062bf835d5c386","name":"enEquip","image":{"@type":"ImageObject","inLanguage":"es","@id":"https:\/\/secure.gravatar.com\/avatar\/7d8a2110bd62b82561230bb6f6a34715efd6822c02697eb59bea7b6a1f61459d?s=96&d=mm&r=g","url":"https:\/\/secure.gravatar.com\/avatar\/7d8a2110bd62b82561230bb6f6a34715efd6822c02697eb59bea7b6a1f61459d?s=96&d=mm&r=g","contentUrl":"https:\/\/secure.gravatar.com\/avatar\/7d8a2110bd62b82561230bb6f6a34715efd6822c02697eb59bea7b6a1f61459d?s=96&d=mm&r=g","caption":"enEquip"}}]}},"_links":{"self":[{"href":"https:\/\/enequip.es\/es\/wp-json\/wp\/v2\/posts\/3067","targetHints":{"allow":["GET"]}}],"collection":[{"href":"https:\/\/enequip.es\/es\/wp-json\/wp\/v2\/posts"}],"about":[{"href":"https:\/\/enequip.es\/es\/wp-json\/wp\/v2\/types\/post"}],"author":[{"embeddable":true,"href":"https:\/\/enequip.es\/es\/wp-json\/wp\/v2\/users\/1"}],"replies":[{"embeddable":true,"href":"https:\/\/enequip.es\/es\/wp-json\/wp\/v2\/comments?post=3067"}],"version-history":[{"count":12,"href":"https:\/\/enequip.es\/es\/wp-json\/wp\/v2\/posts\/3067\/revisions"}],"predecessor-version":[{"id":3100,"href":"https:\/\/enequip.es\/es\/wp-json\/wp\/v2\/posts\/3067\/revisions\/3100"}],"wp:featuredmedia":[{"embeddable":true,"href":"https:\/\/enequip.es\/es\/wp-json\/wp\/v2\/media\/3081"}],"wp:attachment":[{"href":"https:\/\/enequip.es\/es\/wp-json\/wp\/v2\/media?parent=3067"}],"wp:term":[{"taxonomy":"category","embeddable":true,"href":"https:\/\/enequip.es\/es\/wp-json\/wp\/v2\/categories?post=3067"},{"taxonomy":"post_tag","embeddable":true,"href":"https:\/\/enequip.es\/es\/wp-json\/wp\/v2\/tags?post=3067"}],"curies":[{"name":"wp","href":"https:\/\/api.w.org\/{rel}","templated":true}]}}