{"id":3411,"date":"2021-11-30T10:17:17","date_gmt":"2021-11-30T09:17:17","guid":{"rendered":"https:\/\/enequip.es\/?p=3411"},"modified":"2021-12-21T11:09:46","modified_gmt":"2021-12-21T10:09:46","slug":"impulsa-ocupacion-vulnerables","status":"publish","type":"post","link":"https:\/\/enequip.es\/es\/impulsa-ocupacion-vulnerables\/","title":{"rendered":"enEquip impulsa la ocupaci\u00f3n de colectivos vulnerables"},"content":{"rendered":"<p>Uno de los principales objetivos de enEquip es la inserci\u00f3n de colectivos vulnerables y\/o en riesgo de exclusi\u00f3n social. Trabajamos a diario para conseguir dotar de autonom\u00eda y empoderar a las personas a trav\u00e9s de la ocupaci\u00f3n.<\/p>\n<h2>Compromiso social<\/h2>\n<p>Facilitar la independencia econ\u00f3mica a las personas que se encuentran en riesgo de exclusi\u00f3n social, puede contribuir a dejar atr\u00e1s su situaci\u00f3n de vulnerabilidad. Para nosotros, es esencial conocer de primera mano el contexto en el cual se encuentran para poder proporcionarlos el acompa\u00f1amiento que necesitan.<\/p>\n<p>De hecho, el proceso de acompa\u00f1amiento e integraci\u00f3n al nuevo trabajo es, tambi\u00e9n, una buena oportunidad para reforzar algunos valores y aptitudes personales como por ejemplo la autoestima, la confianza o la seguridad en s\u00ed mismas, a la vez que logran nuevos retos profesionales.<\/p>\n<h2>Apoyo a mujeres v\u00edctimas de violencia<\/h2>\n<p>En enEquip nos enorgullece nuestro compromiso con la inclusi\u00f3n laboral, para ayudar a las personas m\u00e1s vulnerables a iniciar un nuevo proyecto de vida, a tener una nueva oportunidad.<\/p>\n<p>En el caso de las mujeres v\u00edctimas de violencia de g\u00e9nero, <a href=\"https:\/\/www.canaldeempleo.es\/ENEQUIP\/content\/ASOCIACIONES\/?locale=es_ES\" target=\"_blank\" rel=\"noopener\">la ocupaci\u00f3n<\/a> puede acontecer una v\u00eda de salida y el punto de apoyo necesario para revertir su situaci\u00f3n de vulnerabilidad y mover su mundo hacia una nueva vida.<\/p>\n<h2>Una historia de superaci\u00f3n<\/h2>\n<p>Mar\u00eda (nombre ficticio, por motivos de seguridad) lleva un a\u00f1o trabajando en enEquip, gracias a la <a href=\"https:\/\/fundaciointermedia.org\/\" target=\"_blank\" rel=\"noopener\">Fundaci\u00f3n Intermedia<\/a>. Desde muy joven tuvo que hacerse cargo de sus hijos sola, encontrar trabajo y poder acceder a una vivienda le result\u00f3 muy complicado. Durante algunos a\u00f1os, vivi\u00f3 en varias casas de acogida, pero trabajar en enEquip, asegura, le ha permitido conseguir un nuevo hogar y sentirse profesionalmente reconocida.<\/p>\n<p>Encontrar una vivienda donde poder convivir con sus hijos tampoco le ha resultado f\u00e1cil por eso, Mar\u00eda se considera muy afortunada, puesto que despu\u00e9s de haber vivido experiencias muy duras, por fin ha encontrado una casa donde se encuentran seguros.<\/p>\n<p>Mar\u00eda sabe que, como ella, muchas personas se encuentran en situaci\u00f3n de vulnerabilidad, buscando una oportunidad para poder resolver las grandes complejidades de su d\u00eda a d\u00eda. Por este motivo, quiere animarlas a vencer el miedo y buscar una estabilidad laboral, que ayude a superar de la mejor manera posible las dificultades y de esta manera puedan seguir adelante.<\/p>\n","protected":false},"excerpt":{"rendered":"<p>Uno de los principales objetivos de enEquip es la inserci\u00f3n de colectivos vulnerables y\/o en riesgo de exclusi\u00f3n social. Trabajamos a diario para conseguir dotar de autonom\u00eda y empoderar a las personas a trav\u00e9s de la ocupaci\u00f3n. Compromiso social Facilitar la independencia econ\u00f3mica a las personas que se encuentran en riesgo de exclusi\u00f3n social, puede [&hellip;]<\/p>\n","protected":false},"author":1,"featured_media":3354,"comment_status":"closed","ping_status":"closed","sticky":false,"template":"","format":"standard","meta":{"footnotes":""},"categories":[37],"tags":[],"class_list":["post-3411","post","type-post","status-publish","format-standard","has-post-thumbnail","hentry","category-servicios-vulnerables"],"yoast_head":"<!-- This site is optimized with the Yoast SEO plugin v27.5 - https:\/\/yoast.com\/product\/yoast-seo-wordpress\/ -->\n<title>enEquip impulsa la ocupaci\u00f3n de colectivos vulnerables - enEquip, serveis integrals a persones i a edificis | Illes Balears<\/title>\n<meta name=\"robots\" content=\"index, follow, max-snippet:-1, max-image-preview:large, max-video-preview:-1\" \/>\n<link rel=\"canonical\" href=\"https:\/\/enequip.es\/es\/impulsa-ocupacion-vulnerables\/\" \/>\n<meta property=\"og:locale\" content=\"es_ES\" \/>\n<meta property=\"og:type\" content=\"article\" \/>\n<meta property=\"og:title\" content=\"enEquip impulsa la ocupaci\u00f3n de colectivos vulnerables - enEquip, serveis integrals a persones i a edificis | Illes Balears\" \/>\n<meta property=\"og:description\" content=\"Uno de los principales objetivos de enEquip es la inserci\u00f3n de colectivos vulnerables y\/o en riesgo de exclusi\u00f3n social. Trabajamos a diario para conseguir dotar de autonom\u00eda y empoderar a las personas a trav\u00e9s de la ocupaci\u00f3n. Compromiso social Facilitar la independencia econ\u00f3mica a las personas que se encuentran en riesgo de exclusi\u00f3n social, puede [&hellip;]\" \/>\n<meta property=\"og:url\" content=\"https:\/\/enequip.es\/es\/impulsa-ocupacion-vulnerables\/\" \/>\n<meta property=\"og:site_name\" content=\"enEquip, serveis integrals a persones i a edificis | Illes Balears\" \/>\n<meta property=\"article:published_time\" content=\"2021-11-30T09:17:17+00:00\" \/>\n<meta property=\"article:modified_time\" content=\"2021-12-21T10:09:46+00:00\" \/>\n<meta property=\"og:image\" content=\"https:\/\/enequip.es\/wp-content\/uploads\/2021\/07\/dona-treballadora-scaled.jpg\" \/>\n\t<meta property=\"og:image:width\" content=\"2560\" \/>\n\t<meta property=\"og:image:height\" content=\"1920\" \/>\n\t<meta property=\"og:image:type\" content=\"image\/jpeg\" \/>\n<meta name=\"author\" content=\"enEquip\" \/>\n<meta name=\"twitter:card\" content=\"summary_large_image\" \/>\n<meta name=\"twitter:label1\" content=\"Escrito por\" \/>\n\t<meta name=\"twitter:data1\" content=\"enEquip\" \/>\n\t<meta name=\"twitter:label2\" content=\"Tiempo de lectura\" \/>\n\t<meta name=\"twitter:data2\" content=\"2 minutos\" \/>\n<script type=\"application\/ld+json\" class=\"yoast-schema-graph\">{\"@context\":\"https:\\\/\\\/schema.org\",\"@graph\":[{\"@type\":\"Article\",\"@id\":\"https:\\\/\\\/enequip.es\\\/es\\\/impulsa-ocupacion-vulnerables\\\/#article\",\"isPartOf\":{\"@id\":\"https:\\\/\\\/enequip.es\\\/es\\\/impulsa-ocupacion-vulnerables\\\/\"},\"author\":{\"name\":\"enEquip\",\"@id\":\"https:\\\/\\\/enequip.es\\\/es\\\/#\\\/schema\\\/person\\\/c181e75861933b9c7c062bf835d5c386\"},\"headline\":\"enEquip impulsa la ocupaci\u00f3n de colectivos vulnerables\",\"datePublished\":\"2021-11-30T09:17:17+00:00\",\"dateModified\":\"2021-12-21T10:09:46+00:00\",\"mainEntityOfPage\":{\"@id\":\"https:\\\/\\\/enequip.es\\\/es\\\/impulsa-ocupacion-vulnerables\\\/\"},\"wordCount\":414,\"publisher\":{\"@id\":\"https:\\\/\\\/enequip.es\\\/es\\\/#organization\"},\"image\":{\"@id\":\"https:\\\/\\\/enequip.es\\\/es\\\/impulsa-ocupacion-vulnerables\\\/#primaryimage\"},\"thumbnailUrl\":\"https:\\\/\\\/enequip.es\\\/wp-content\\\/uploads\\\/2021\\\/07\\\/dona-treballadora-scaled.jpg\",\"articleSection\":[\"Servicios a vulnerables\"],\"inLanguage\":\"es\"},{\"@type\":\"WebPage\",\"@id\":\"https:\\\/\\\/enequip.es\\\/es\\\/impulsa-ocupacion-vulnerables\\\/\",\"url\":\"https:\\\/\\\/enequip.es\\\/es\\\/impulsa-ocupacion-vulnerables\\\/\",\"name\":\"enEquip impulsa la ocupaci\u00f3n de colectivos vulnerables - enEquip, serveis integrals a persones i a edificis | Illes Balears\",\"isPartOf\":{\"@id\":\"https:\\\/\\\/enequip.es\\\/es\\\/#website\"},\"primaryImageOfPage\":{\"@id\":\"https:\\\/\\\/enequip.es\\\/es\\\/impulsa-ocupacion-vulnerables\\\/#primaryimage\"},\"image\":{\"@id\":\"https:\\\/\\\/enequip.es\\\/es\\\/impulsa-ocupacion-vulnerables\\\/#primaryimage\"},\"thumbnailUrl\":\"https:\\\/\\\/enequip.es\\\/wp-content\\\/uploads\\\/2021\\\/07\\\/dona-treballadora-scaled.jpg\",\"datePublished\":\"2021-11-30T09:17:17+00:00\",\"dateModified\":\"2021-12-21T10:09:46+00:00\",\"breadcrumb\":{\"@id\":\"https:\\\/\\\/enequip.es\\\/es\\\/impulsa-ocupacion-vulnerables\\\/#breadcrumb\"},\"inLanguage\":\"es\",\"potentialAction\":[{\"@type\":\"ReadAction\",\"target\":[\"https:\\\/\\\/enequip.es\\\/es\\\/impulsa-ocupacion-vulnerables\\\/\"]}]},{\"@type\":\"ImageObject\",\"inLanguage\":\"es\",\"@id\":\"https:\\\/\\\/enequip.es\\\/es\\\/impulsa-ocupacion-vulnerables\\\/#primaryimage\",\"url\":\"https:\\\/\\\/enequip.es\\\/wp-content\\\/uploads\\\/2021\\\/07\\\/dona-treballadora-scaled.jpg\",\"contentUrl\":\"https:\\\/\\\/enequip.es\\\/wp-content\\\/uploads\\\/2021\\\/07\\\/dona-treballadora-scaled.jpg\",\"width\":2560,\"height\":1920},{\"@type\":\"BreadcrumbList\",\"@id\":\"https:\\\/\\\/enequip.es\\\/es\\\/impulsa-ocupacion-vulnerables\\\/#breadcrumb\",\"itemListElement\":[{\"@type\":\"ListItem\",\"position\":1,\"name\":\"Home\",\"item\":\"https:\\\/\\\/enequip.es\\\/es\\\/\"},{\"@type\":\"ListItem\",\"position\":2,\"name\":\"enEquip impulsa la ocupaci\u00f3n de colectivos vulnerables\"}]},{\"@type\":\"WebSite\",\"@id\":\"https:\\\/\\\/enequip.es\\\/es\\\/#website\",\"url\":\"https:\\\/\\\/enequip.es\\\/es\\\/\",\"name\":\"enEquip, serveis integrals a persones i a edificis | Illes Balears\",\"description\":\"Gestionam projectes per a millorar la vida de les persones i l&#039;entorn dels edifcis. Serveis socials i t\u00e8cnics a les Balears.\",\"publisher\":{\"@id\":\"https:\\\/\\\/enequip.es\\\/es\\\/#organization\"},\"potentialAction\":[{\"@type\":\"SearchAction\",\"target\":{\"@type\":\"EntryPoint\",\"urlTemplate\":\"https:\\\/\\\/enequip.es\\\/es\\\/?s={search_term_string}\"},\"query-input\":{\"@type\":\"PropertyValueSpecification\",\"valueRequired\":true,\"valueName\":\"search_term_string\"}}],\"inLanguage\":\"es\"},{\"@type\":\"Organization\",\"@id\":\"https:\\\/\\\/enequip.es\\\/es\\\/#organization\",\"name\":\"enEquip, serveis integrats a persones i a edificis\",\"url\":\"https:\\\/\\\/enequip.es\\\/es\\\/\",\"logo\":{\"@type\":\"ImageObject\",\"inLanguage\":\"es\",\"@id\":\"https:\\\/\\\/enequip.es\\\/es\\\/#\\\/schema\\\/logo\\\/image\\\/\",\"url\":\"https:\\\/\\\/enequip.es\\\/wp-content\\\/uploads\\\/2019\\\/06\\\/logo_enequip_negre.png\",\"contentUrl\":\"https:\\\/\\\/enequip.es\\\/wp-content\\\/uploads\\\/2019\\\/06\\\/logo_enequip_negre.png\",\"width\":236,\"height\":46,\"caption\":\"enEquip, serveis integrats a persones i a edificis\"},\"image\":{\"@id\":\"https:\\\/\\\/enequip.es\\\/es\\\/#\\\/schema\\\/logo\\\/image\\\/\"},\"sameAs\":[\"https:\\\/\\\/www.linkedin.com\\\/company\\\/enequip\\\/\"]},{\"@type\":\"Person\",\"@id\":\"https:\\\/\\\/enequip.es\\\/es\\\/#\\\/schema\\\/person\\\/c181e75861933b9c7c062bf835d5c386\",\"name\":\"enEquip\",\"image\":{\"@type\":\"ImageObject\",\"inLanguage\":\"es\",\"@id\":\"https:\\\/\\\/secure.gravatar.com\\\/avatar\\\/7d8a2110bd62b82561230bb6f6a34715efd6822c02697eb59bea7b6a1f61459d?s=96&d=mm&r=g\",\"url\":\"https:\\\/\\\/secure.gravatar.com\\\/avatar\\\/7d8a2110bd62b82561230bb6f6a34715efd6822c02697eb59bea7b6a1f61459d?s=96&d=mm&r=g\",\"contentUrl\":\"https:\\\/\\\/secure.gravatar.com\\\/avatar\\\/7d8a2110bd62b82561230bb6f6a34715efd6822c02697eb59bea7b6a1f61459d?s=96&d=mm&r=g\",\"caption\":\"enEquip\"}}]}<\/script>\n<!-- \/ Yoast SEO plugin. -->","yoast_head_json":{"title":"enEquip impulsa la ocupaci\u00f3n de colectivos vulnerables - enEquip, serveis integrals a persones i a edificis | Illes Balears","robots":{"index":"index","follow":"follow","max-snippet":"max-snippet:-1","max-image-preview":"max-image-preview:large","max-video-preview":"max-video-preview:-1"},"canonical":"https:\/\/enequip.es\/es\/impulsa-ocupacion-vulnerables\/","og_locale":"es_ES","og_type":"article","og_title":"enEquip impulsa la ocupaci\u00f3n de colectivos vulnerables - enEquip, serveis integrals a persones i a edificis | Illes Balears","og_description":"Uno de los principales objetivos de enEquip es la inserci\u00f3n de colectivos vulnerables y\/o en riesgo de exclusi\u00f3n social. Trabajamos a diario para conseguir dotar de autonom\u00eda y empoderar a las personas a trav\u00e9s de la ocupaci\u00f3n. Compromiso social Facilitar la independencia econ\u00f3mica a las personas que se encuentran en riesgo de exclusi\u00f3n social, puede [&hellip;]","og_url":"https:\/\/enequip.es\/es\/impulsa-ocupacion-vulnerables\/","og_site_name":"enEquip, serveis integrals a persones i a edificis | Illes Balears","article_published_time":"2021-11-30T09:17:17+00:00","article_modified_time":"2021-12-21T10:09:46+00:00","og_image":[{"width":2560,"height":1920,"url":"https:\/\/enequip.es\/wp-content\/uploads\/2021\/07\/dona-treballadora-scaled.jpg","type":"image\/jpeg"}],"author":"enEquip","twitter_card":"summary_large_image","twitter_misc":{"Escrito por":"enEquip","Tiempo de lectura":"2 minutos"},"schema":{"@context":"https:\/\/schema.org","@graph":[{"@type":"Article","@id":"https:\/\/enequip.es\/es\/impulsa-ocupacion-vulnerables\/#article","isPartOf":{"@id":"https:\/\/enequip.es\/es\/impulsa-ocupacion-vulnerables\/"},"author":{"name":"enEquip","@id":"https:\/\/enequip.es\/es\/#\/schema\/person\/c181e75861933b9c7c062bf835d5c386"},"headline":"enEquip impulsa la ocupaci\u00f3n de colectivos vulnerables","datePublished":"2021-11-30T09:17:17+00:00","dateModified":"2021-12-21T10:09:46+00:00","mainEntityOfPage":{"@id":"https:\/\/enequip.es\/es\/impulsa-ocupacion-vulnerables\/"},"wordCount":414,"publisher":{"@id":"https:\/\/enequip.es\/es\/#organization"},"image":{"@id":"https:\/\/enequip.es\/es\/impulsa-ocupacion-vulnerables\/#primaryimage"},"thumbnailUrl":"https:\/\/enequip.es\/wp-content\/uploads\/2021\/07\/dona-treballadora-scaled.jpg","articleSection":["Servicios a vulnerables"],"inLanguage":"es"},{"@type":"WebPage","@id":"https:\/\/enequip.es\/es\/impulsa-ocupacion-vulnerables\/","url":"https:\/\/enequip.es\/es\/impulsa-ocupacion-vulnerables\/","name":"enEquip impulsa la ocupaci\u00f3n de colectivos vulnerables - enEquip, serveis integrals a persones i a edificis | Illes Balears","isPartOf":{"@id":"https:\/\/enequip.es\/es\/#website"},"primaryImageOfPage":{"@id":"https:\/\/enequip.es\/es\/impulsa-ocupacion-vulnerables\/#primaryimage"},"image":{"@id":"https:\/\/enequip.es\/es\/impulsa-ocupacion-vulnerables\/#primaryimage"},"thumbnailUrl":"https:\/\/enequip.es\/wp-content\/uploads\/2021\/07\/dona-treballadora-scaled.jpg","datePublished":"2021-11-30T09:17:17+00:00","dateModified":"2021-12-21T10:09:46+00:00","breadcrumb":{"@id":"https:\/\/enequip.es\/es\/impulsa-ocupacion-vulnerables\/#breadcrumb"},"inLanguage":"es","potentialAction":[{"@type":"ReadAction","target":["https:\/\/enequip.es\/es\/impulsa-ocupacion-vulnerables\/"]}]},{"@type":"ImageObject","inLanguage":"es","@id":"https:\/\/enequip.es\/es\/impulsa-ocupacion-vulnerables\/#primaryimage","url":"https:\/\/enequip.es\/wp-content\/uploads\/2021\/07\/dona-treballadora-scaled.jpg","contentUrl":"https:\/\/enequip.es\/wp-content\/uploads\/2021\/07\/dona-treballadora-scaled.jpg","width":2560,"height":1920},{"@type":"BreadcrumbList","@id":"https:\/\/enequip.es\/es\/impulsa-ocupacion-vulnerables\/#breadcrumb","itemListElement":[{"@type":"ListItem","position":1,"name":"Home","item":"https:\/\/enequip.es\/es\/"},{"@type":"ListItem","position":2,"name":"enEquip impulsa la ocupaci\u00f3n de colectivos vulnerables"}]},{"@type":"WebSite","@id":"https:\/\/enequip.es\/es\/#website","url":"https:\/\/enequip.es\/es\/","name":"enEquip, serveis integrals a persones i a edificis | Illes Balears","description":"Gestionam projectes per a millorar la vida de les persones i l&#039;entorn dels edifcis. Serveis socials i t\u00e8cnics a les Balears.","publisher":{"@id":"https:\/\/enequip.es\/es\/#organization"},"potentialAction":[{"@type":"SearchAction","target":{"@type":"EntryPoint","urlTemplate":"https:\/\/enequip.es\/es\/?s={search_term_string}"},"query-input":{"@type":"PropertyValueSpecification","valueRequired":true,"valueName":"search_term_string"}}],"inLanguage":"es"},{"@type":"Organization","@id":"https:\/\/enequip.es\/es\/#organization","name":"enEquip, serveis integrats a persones i a edificis","url":"https:\/\/enequip.es\/es\/","logo":{"@type":"ImageObject","inLanguage":"es","@id":"https:\/\/enequip.es\/es\/#\/schema\/logo\/image\/","url":"https:\/\/enequip.es\/wp-content\/uploads\/2019\/06\/logo_enequip_negre.png","contentUrl":"https:\/\/enequip.es\/wp-content\/uploads\/2019\/06\/logo_enequip_negre.png","width":236,"height":46,"caption":"enEquip, serveis integrats a persones i a edificis"},"image":{"@id":"https:\/\/enequip.es\/es\/#\/schema\/logo\/image\/"},"sameAs":["https:\/\/www.linkedin.com\/company\/enequip\/"]},{"@type":"Person","@id":"https:\/\/enequip.es\/es\/#\/schema\/person\/c181e75861933b9c7c062bf835d5c386","name":"enEquip","image":{"@type":"ImageObject","inLanguage":"es","@id":"https:\/\/secure.gravatar.com\/avatar\/7d8a2110bd62b82561230bb6f6a34715efd6822c02697eb59bea7b6a1f61459d?s=96&d=mm&r=g","url":"https:\/\/secure.gravatar.com\/avatar\/7d8a2110bd62b82561230bb6f6a34715efd6822c02697eb59bea7b6a1f61459d?s=96&d=mm&r=g","contentUrl":"https:\/\/secure.gravatar.com\/avatar\/7d8a2110bd62b82561230bb6f6a34715efd6822c02697eb59bea7b6a1f61459d?s=96&d=mm&r=g","caption":"enEquip"}}]}},"_links":{"self":[{"href":"https:\/\/enequip.es\/es\/wp-json\/wp\/v2\/posts\/3411","targetHints":{"allow":["GET"]}}],"collection":[{"href":"https:\/\/enequip.es\/es\/wp-json\/wp\/v2\/posts"}],"about":[{"href":"https:\/\/enequip.es\/es\/wp-json\/wp\/v2\/types\/post"}],"author":[{"embeddable":true,"href":"https:\/\/enequip.es\/es\/wp-json\/wp\/v2\/users\/1"}],"replies":[{"embeddable":true,"href":"https:\/\/enequip.es\/es\/wp-json\/wp\/v2\/comments?post=3411"}],"version-history":[{"count":3,"href":"https:\/\/enequip.es\/es\/wp-json\/wp\/v2\/posts\/3411\/revisions"}],"predecessor-version":[{"id":3428,"href":"https:\/\/enequip.es\/es\/wp-json\/wp\/v2\/posts\/3411\/revisions\/3428"}],"wp:featuredmedia":[{"embeddable":true,"href":"https:\/\/enequip.es\/es\/wp-json\/wp\/v2\/media\/3354"}],"wp:attachment":[{"href":"https:\/\/enequip.es\/es\/wp-json\/wp\/v2\/media?parent=3411"}],"wp:term":[{"taxonomy":"category","embeddable":true,"href":"https:\/\/enequip.es\/es\/wp-json\/wp\/v2\/categories?post=3411"},{"taxonomy":"post_tag","embeddable":true,"href":"https:\/\/enequip.es\/es\/wp-json\/wp\/v2\/tags?post=3411"}],"curies":[{"name":"wp","href":"https:\/\/api.w.org\/{rel}","templated":true}]}}