{"id":4070,"date":"2025-09-09T17:38:41","date_gmt":"2025-09-09T15:38:41","guid":{"rendered":"https:\/\/enequip.es\/?p=4070"},"modified":"2025-09-09T17:38:41","modified_gmt":"2025-09-09T15:38:41","slug":"comienza-nuevo-curso-escolar-consejos-adaptacion-escuela-infantil","status":"publish","type":"post","link":"https:\/\/enequip.es\/es\/comienza-nuevo-curso-escolar-consejos-adaptacion-escuela-infantil\/","title":{"rendered":"Comienza un nuevo curso escolar: consejos para la adaptaci\u00f3n a la escuela infantil"},"content":{"rendered":"<p>Esta semana comienza un nuevo curso escolar en las Islas Baleares, y con \u00e9l, numerosos ni\u00f1os y ni\u00f1as entrar\u00e1n en las aulas por primera vez. El inicio de la escuela infantil es un momento trascendental tanto para el ni\u00f1o como para su familia.<\/p>\n<p>Se trata de una etapa que se puede vivir tanto con ilusi\u00f3n, como con cierto nerviosismo e incertidumbre, ya que marca el inicio de un <strong>proceso de crecimiento, aprendizaje y socializaci\u00f3n<\/strong> fundamental para su desarrollo.<\/p>\n<p>Asimismo, conocer la funci\u00f3n educativa de la escuela infantil y la importancia del proceso de adaptaci\u00f3n puede ayudar a que la transici\u00f3n sea m\u00e1s suave y enriquecedora.<\/p>\n<p>&nbsp;<\/p>\n<h3>LA &#8220;ESCOLETA&#8221;: UN ESPACIO DE CRECIMIENTO INTEGRAL<\/h3>\n<p>La escuela infantil es un espacio de crecimiento integral que complementa la tarea educativa de las familias. No es solo un lugar donde los ni\u00f1os pasan el d\u00eda mientras sus padres trabajan, sino que es un espacio que tiene como objetivo el <strong>desarrollo emocional, social, cognitivo y motriz<\/strong> de los ni\u00f1os y las ni\u00f1as.<\/p>\n<p>A trav\u00e9s de una metodolog\u00eda activa y participativa, la escuela infantil permite a los ni\u00f1os desarrollar sus habilidades y conocimientos a partir del juego libre, el descubrimiento del entorno y la seguridad en un ambiente afectivo, natural y motivador. A trav\u00e9s del juego, que es la herramienta principal de aprendizaje en esta etapa, los ni\u00f1os y ni\u00f1as experimentan, exploran, expresan emociones y establecen relaciones con los dem\u00e1s.<\/p>\n<p>La funci\u00f3n educativa de las escuelas infantiles tambi\u00e9n implica <strong>potenciar su autonom\u00eda<\/strong>, ayud\u00e1ndoles a desarrollar actividades de la vida cotidiana, como alimentarse, vestirse o ir al ba\u00f1o, teniendo en cuenta que cada ni\u00f1o tiene su propio ritmo evolutivo y que se debe respetar en todo momento su crecimiento y su estado afectivo individual.<\/p>\n<p>&nbsp;<\/p>\n<h3>EL PROCESO DE FAMILIARIZACI\u00d3N: C\u00d3MO PREPARARLOS PARA LA NUEVA ETAPA<\/h3>\n<p>Las escuelas infantiles ofrecen procesos de familiarizaci\u00f3n, unos per\u00edodos de adaptaci\u00f3n en los que se intentan crear <strong>v\u00ednculos de confianza<\/strong> entre el ni\u00f1o, su familia y el equipo educativo.<\/p>\n<p>No se trata solo de una adaptaci\u00f3n f\u00edsica, sino tambi\u00e9n emocional y social. A trav\u00e9s de esta fase de adaptaci\u00f3n, el ni\u00f1o puede <strong>sentirse seguro y c\u00f3modo<\/strong> en este nuevo entorno.<\/p>\n<p>&nbsp;<\/p>\n<h3>\u00bfCU\u00c1LES SON LOS CONSEJOS PARA INICIAR ESTE PROCESO?<\/h3>\n<p><strong>1.- Visitar la escuela antes del inicio del curso escolar<\/strong> permitir\u00e1 que el ni\u00f1o o la ni\u00f1a empiece a conocer el espacio, el equipo educativo y a los compa\u00f1eros y compa\u00f1eras en un entorno familiar y sin prisas. Las visitas guiadas o las sesiones de acompa\u00f1amiento que ofrecen algunos centros pueden ser muy \u00fatiles para reducir el nerviosismo que genera esta etapa.<\/p>\n<p>2.- Previamente al inicio de la escuela infantil, pod\u00e9is ayudar a vuestro hijo o hija a <strong>experimentar peque\u00f1as tareas aut\u00f3nomas<\/strong> como ponerse la chaqueta, coger su objeto preferido o despedirse con un beso. Estas peque\u00f1as acciones ayudan a construir confianza y autonom\u00eda, dos aspectos clave en la familiarizaci\u00f3n.<\/p>\n<p><strong>3.- Seguir una rutina regular<\/strong>, con los mismos horarios para dormir, comer y jugar, facilitar\u00e1 que se adapte mejor a la nueva situaci\u00f3n; y, adem\u00e1s, les proporcionar\u00e1 seguridad emocional.<\/p>\n<p><strong>4.- Hablar sobre la escuela<\/strong>, utilizar un lenguaje positivo y explicarle c\u00f3mo ser\u00e1 y qu\u00e9 pasar\u00e1 ayuda a disminuir el miedo y a crear expectativas positivas.<\/p>\n<p>5.- En caso de que sea posible, es recomendable <strong>comenzar esta etapa con pocas horas<\/strong> e ir aument\u00e1ndolas progresivamente. De esta manera el ni\u00f1o se acostumbrar\u00e1 de manera gradual al entorno y a las personas que le atender\u00e1n.<\/p>\n<p>6.- Los ni\u00f1os y ni\u00f1as son muy sensibles a las emociones de los adultos. Por eso es importante que, durante la etapa de familiarizaci\u00f3n, la familia mantenga una <strong>actitud tranquila y de confianza<\/strong>. Si detectan inseguridad o ansiedad, podr\u00edan sentir m\u00e1s abrumadora la nueva situaci\u00f3n.<\/p>\n<p>&nbsp;<\/p>\n<h3>COMUNICACI\u00d3N CONSTANTE ENTRE FAMILIA Y ESCUELA<\/h3>\n<p>El proceso de familiarizaci\u00f3n y adaptaci\u00f3n del ni\u00f1o no terminar\u00e1 en los primeros d\u00edas. A lo largo de su estancia en la escuela infantil es fundamental que haya una <strong>comunicaci\u00f3n fluida y abierta entre las familias y el equipo directivo<\/strong>, ya que esto permitir\u00e1 detectar cualquier necesidad especial, duda o inquietud, y tambi\u00e9n compartir los avances o dificultades de vuestro hijo o hija.<\/p>\n<p>Por otro lado, en las escoletas gestionadas por enEquip se organizan <strong>reuniones informativas, entrevistas o espacios de di\u00e1logo<\/strong> para que se pueda comentar cualquier aspecto relevante del ni\u00f1o. Esta colaboraci\u00f3n entre familias y maestros es clave para garantizar una experiencia positiva y enriquecedora.<\/p>\n","protected":false},"excerpt":{"rendered":"<p>Comienza un nuevo curso escolar en las Islas Baleares y compartimos unas buenas recomendaciones para la adaptaci\u00f3n de los peques de 0-3 a\u00f1os<\/p>\n","protected":false},"author":1,"featured_media":4066,"comment_status":"closed","ping_status":"open","sticky":false,"template":"","format":"standard","meta":{"footnotes":""},"categories":[39],"tags":[],"class_list":["post-4070","post","type-post","status-publish","format-standard","has-post-thumbnail","hentry","category-gestion-escuelas-infantiles"],"yoast_head":"<!-- This site is optimized with the Yoast SEO plugin v27.5 - https:\/\/yoast.com\/product\/yoast-seo-wordpress\/ -->\n<title>Nuevo curso: consejos para la adaptaci\u00f3n a la escuela infantil<\/title>\n<meta name=\"description\" content=\"Comienza un nuevo curso escolar en las Islas Baleares y compartimos unas buenas recomendaciones para la adaptaci\u00f3n de los peques de 0-3 a\u00f1os\" \/>\n<meta name=\"robots\" content=\"index, follow, max-snippet:-1, max-image-preview:large, max-video-preview:-1\" \/>\n<link rel=\"canonical\" href=\"https:\/\/enequip.es\/es\/comienza-nuevo-curso-escolar-consejos-adaptacion-escuela-infantil\/\" \/>\n<meta property=\"og:locale\" content=\"es_ES\" \/>\n<meta property=\"og:type\" content=\"article\" \/>\n<meta property=\"og:title\" content=\"Nuevo curso: consejos para la adaptaci\u00f3n a la escuela infantil\" \/>\n<meta property=\"og:description\" content=\"Comienza un nuevo curso escolar en las Islas Baleares y compartimos unas buenas recomendaciones para la adaptaci\u00f3n de los peques de 0-3 a\u00f1os\" \/>\n<meta property=\"og:url\" content=\"https:\/\/enequip.es\/es\/comienza-nuevo-curso-escolar-consejos-adaptacion-escuela-infantil\/\" \/>\n<meta property=\"og:site_name\" content=\"enEquip, serveis integrals a persones i a edificis | Illes Balears\" \/>\n<meta property=\"article:published_time\" content=\"2025-09-09T15:38:41+00:00\" \/>\n<meta property=\"og:image\" content=\"https:\/\/enequip.es\/wp-content\/uploads\/2025\/09\/Nou-curs-escolar-i-adaptacio-dels-nins-i-nines-a-les-escoletes-balears.jpg\" \/>\n\t<meta property=\"og:image:width\" content=\"1300\" \/>\n\t<meta property=\"og:image:height\" content=\"730\" \/>\n\t<meta property=\"og:image:type\" content=\"image\/jpeg\" \/>\n<meta name=\"author\" content=\"enEquip\" \/>\n<meta name=\"twitter:card\" content=\"summary_large_image\" \/>\n<meta name=\"twitter:label1\" content=\"Escrito por\" \/>\n\t<meta name=\"twitter:data1\" content=\"enEquip\" \/>\n\t<meta name=\"twitter:label2\" content=\"Tiempo de lectura\" \/>\n\t<meta name=\"twitter:data2\" content=\"5 minutos\" \/>\n<script type=\"application\/ld+json\" class=\"yoast-schema-graph\">{\"@context\":\"https:\\\/\\\/schema.org\",\"@graph\":[{\"@type\":\"Article\",\"@id\":\"https:\\\/\\\/enequip.es\\\/es\\\/comienza-nuevo-curso-escolar-consejos-adaptacion-escuela-infantil\\\/#article\",\"isPartOf\":{\"@id\":\"https:\\\/\\\/enequip.es\\\/es\\\/comienza-nuevo-curso-escolar-consejos-adaptacion-escuela-infantil\\\/\"},\"author\":{\"name\":\"enEquip\",\"@id\":\"https:\\\/\\\/enequip.es\\\/es\\\/#\\\/schema\\\/person\\\/c181e75861933b9c7c062bf835d5c386\"},\"headline\":\"Comienza un nuevo curso escolar: consejos para la adaptaci\u00f3n a la escuela infantil\",\"datePublished\":\"2025-09-09T15:38:41+00:00\",\"mainEntityOfPage\":{\"@id\":\"https:\\\/\\\/enequip.es\\\/es\\\/comienza-nuevo-curso-escolar-consejos-adaptacion-escuela-infantil\\\/\"},\"wordCount\":817,\"publisher\":{\"@id\":\"https:\\\/\\\/enequip.es\\\/es\\\/#organization\"},\"image\":{\"@id\":\"https:\\\/\\\/enequip.es\\\/es\\\/comienza-nuevo-curso-escolar-consejos-adaptacion-escuela-infantil\\\/#primaryimage\"},\"thumbnailUrl\":\"https:\\\/\\\/enequip.es\\\/wp-content\\\/uploads\\\/2025\\\/09\\\/Nou-curs-escolar-i-adaptacio-dels-nins-i-nines-a-les-escoletes-balears.jpg\",\"articleSection\":[\"Gesti\u00f3n de escuelas infantiles\"],\"inLanguage\":\"es\"},{\"@type\":\"WebPage\",\"@id\":\"https:\\\/\\\/enequip.es\\\/es\\\/comienza-nuevo-curso-escolar-consejos-adaptacion-escuela-infantil\\\/\",\"url\":\"https:\\\/\\\/enequip.es\\\/es\\\/comienza-nuevo-curso-escolar-consejos-adaptacion-escuela-infantil\\\/\",\"name\":\"Nuevo curso: consejos para la adaptaci\u00f3n a la escuela infantil\",\"isPartOf\":{\"@id\":\"https:\\\/\\\/enequip.es\\\/es\\\/#website\"},\"primaryImageOfPage\":{\"@id\":\"https:\\\/\\\/enequip.es\\\/es\\\/comienza-nuevo-curso-escolar-consejos-adaptacion-escuela-infantil\\\/#primaryimage\"},\"image\":{\"@id\":\"https:\\\/\\\/enequip.es\\\/es\\\/comienza-nuevo-curso-escolar-consejos-adaptacion-escuela-infantil\\\/#primaryimage\"},\"thumbnailUrl\":\"https:\\\/\\\/enequip.es\\\/wp-content\\\/uploads\\\/2025\\\/09\\\/Nou-curs-escolar-i-adaptacio-dels-nins-i-nines-a-les-escoletes-balears.jpg\",\"datePublished\":\"2025-09-09T15:38:41+00:00\",\"description\":\"Comienza un nuevo curso escolar en las Islas Baleares y compartimos unas buenas recomendaciones para la adaptaci\u00f3n de los peques de 0-3 a\u00f1os\",\"breadcrumb\":{\"@id\":\"https:\\\/\\\/enequip.es\\\/es\\\/comienza-nuevo-curso-escolar-consejos-adaptacion-escuela-infantil\\\/#breadcrumb\"},\"inLanguage\":\"es\",\"potentialAction\":[{\"@type\":\"ReadAction\",\"target\":[\"https:\\\/\\\/enequip.es\\\/es\\\/comienza-nuevo-curso-escolar-consejos-adaptacion-escuela-infantil\\\/\"]}]},{\"@type\":\"ImageObject\",\"inLanguage\":\"es\",\"@id\":\"https:\\\/\\\/enequip.es\\\/es\\\/comienza-nuevo-curso-escolar-consejos-adaptacion-escuela-infantil\\\/#primaryimage\",\"url\":\"https:\\\/\\\/enequip.es\\\/wp-content\\\/uploads\\\/2025\\\/09\\\/Nou-curs-escolar-i-adaptacio-dels-nins-i-nines-a-les-escoletes-balears.jpg\",\"contentUrl\":\"https:\\\/\\\/enequip.es\\\/wp-content\\\/uploads\\\/2025\\\/09\\\/Nou-curs-escolar-i-adaptacio-dels-nins-i-nines-a-les-escoletes-balears.jpg\",\"width\":1300,\"height\":730,\"caption\":\"Nou curs escolar i adaptaci\u00f3 dels nins i nines a les escoletes balears\"},{\"@type\":\"BreadcrumbList\",\"@id\":\"https:\\\/\\\/enequip.es\\\/es\\\/comienza-nuevo-curso-escolar-consejos-adaptacion-escuela-infantil\\\/#breadcrumb\",\"itemListElement\":[{\"@type\":\"ListItem\",\"position\":1,\"name\":\"Home\",\"item\":\"https:\\\/\\\/enequip.es\\\/es\\\/\"},{\"@type\":\"ListItem\",\"position\":2,\"name\":\"Comienza un nuevo curso escolar: consejos para la adaptaci\u00f3n a la escuela infantil\"}]},{\"@type\":\"WebSite\",\"@id\":\"https:\\\/\\\/enequip.es\\\/es\\\/#website\",\"url\":\"https:\\\/\\\/enequip.es\\\/es\\\/\",\"name\":\"enEquip, serveis integrals a persones i a edificis | Illes Balears\",\"description\":\"Gestionam projectes per a millorar la vida de les persones i l&#039;entorn dels edifcis. Serveis socials i t\u00e8cnics a les Balears.\",\"publisher\":{\"@id\":\"https:\\\/\\\/enequip.es\\\/es\\\/#organization\"},\"potentialAction\":[{\"@type\":\"SearchAction\",\"target\":{\"@type\":\"EntryPoint\",\"urlTemplate\":\"https:\\\/\\\/enequip.es\\\/es\\\/?s={search_term_string}\"},\"query-input\":{\"@type\":\"PropertyValueSpecification\",\"valueRequired\":true,\"valueName\":\"search_term_string\"}}],\"inLanguage\":\"es\"},{\"@type\":\"Organization\",\"@id\":\"https:\\\/\\\/enequip.es\\\/es\\\/#organization\",\"name\":\"enEquip, serveis integrats a persones i a edificis\",\"url\":\"https:\\\/\\\/enequip.es\\\/es\\\/\",\"logo\":{\"@type\":\"ImageObject\",\"inLanguage\":\"es\",\"@id\":\"https:\\\/\\\/enequip.es\\\/es\\\/#\\\/schema\\\/logo\\\/image\\\/\",\"url\":\"https:\\\/\\\/enequip.es\\\/wp-content\\\/uploads\\\/2019\\\/06\\\/logo_enequip_negre.png\",\"contentUrl\":\"https:\\\/\\\/enequip.es\\\/wp-content\\\/uploads\\\/2019\\\/06\\\/logo_enequip_negre.png\",\"width\":236,\"height\":46,\"caption\":\"enEquip, serveis integrats a persones i a edificis\"},\"image\":{\"@id\":\"https:\\\/\\\/enequip.es\\\/es\\\/#\\\/schema\\\/logo\\\/image\\\/\"},\"sameAs\":[\"https:\\\/\\\/www.linkedin.com\\\/company\\\/enequip\\\/\"]},{\"@type\":\"Person\",\"@id\":\"https:\\\/\\\/enequip.es\\\/es\\\/#\\\/schema\\\/person\\\/c181e75861933b9c7c062bf835d5c386\",\"name\":\"enEquip\",\"image\":{\"@type\":\"ImageObject\",\"inLanguage\":\"es\",\"@id\":\"https:\\\/\\\/secure.gravatar.com\\\/avatar\\\/7d8a2110bd62b82561230bb6f6a34715efd6822c02697eb59bea7b6a1f61459d?s=96&d=mm&r=g\",\"url\":\"https:\\\/\\\/secure.gravatar.com\\\/avatar\\\/7d8a2110bd62b82561230bb6f6a34715efd6822c02697eb59bea7b6a1f61459d?s=96&d=mm&r=g\",\"contentUrl\":\"https:\\\/\\\/secure.gravatar.com\\\/avatar\\\/7d8a2110bd62b82561230bb6f6a34715efd6822c02697eb59bea7b6a1f61459d?s=96&d=mm&r=g\",\"caption\":\"enEquip\"}}]}<\/script>\n<!-- \/ Yoast SEO plugin. -->","yoast_head_json":{"title":"Nuevo curso: consejos para la adaptaci\u00f3n a la escuela infantil","description":"Comienza un nuevo curso escolar en las Islas Baleares y compartimos unas buenas recomendaciones para la adaptaci\u00f3n de los peques de 0-3 a\u00f1os","robots":{"index":"index","follow":"follow","max-snippet":"max-snippet:-1","max-image-preview":"max-image-preview:large","max-video-preview":"max-video-preview:-1"},"canonical":"https:\/\/enequip.es\/es\/comienza-nuevo-curso-escolar-consejos-adaptacion-escuela-infantil\/","og_locale":"es_ES","og_type":"article","og_title":"Nuevo curso: consejos para la adaptaci\u00f3n a la escuela infantil","og_description":"Comienza un nuevo curso escolar en las Islas Baleares y compartimos unas buenas recomendaciones para la adaptaci\u00f3n de los peques de 0-3 a\u00f1os","og_url":"https:\/\/enequip.es\/es\/comienza-nuevo-curso-escolar-consejos-adaptacion-escuela-infantil\/","og_site_name":"enEquip, serveis integrals a persones i a edificis | Illes Balears","article_published_time":"2025-09-09T15:38:41+00:00","og_image":[{"width":1300,"height":730,"url":"https:\/\/enequip.es\/wp-content\/uploads\/2025\/09\/Nou-curs-escolar-i-adaptacio-dels-nins-i-nines-a-les-escoletes-balears.jpg","type":"image\/jpeg"}],"author":"enEquip","twitter_card":"summary_large_image","twitter_misc":{"Escrito por":"enEquip","Tiempo de lectura":"5 minutos"},"schema":{"@context":"https:\/\/schema.org","@graph":[{"@type":"Article","@id":"https:\/\/enequip.es\/es\/comienza-nuevo-curso-escolar-consejos-adaptacion-escuela-infantil\/#article","isPartOf":{"@id":"https:\/\/enequip.es\/es\/comienza-nuevo-curso-escolar-consejos-adaptacion-escuela-infantil\/"},"author":{"name":"enEquip","@id":"https:\/\/enequip.es\/es\/#\/schema\/person\/c181e75861933b9c7c062bf835d5c386"},"headline":"Comienza un nuevo curso escolar: consejos para la adaptaci\u00f3n a la escuela infantil","datePublished":"2025-09-09T15:38:41+00:00","mainEntityOfPage":{"@id":"https:\/\/enequip.es\/es\/comienza-nuevo-curso-escolar-consejos-adaptacion-escuela-infantil\/"},"wordCount":817,"publisher":{"@id":"https:\/\/enequip.es\/es\/#organization"},"image":{"@id":"https:\/\/enequip.es\/es\/comienza-nuevo-curso-escolar-consejos-adaptacion-escuela-infantil\/#primaryimage"},"thumbnailUrl":"https:\/\/enequip.es\/wp-content\/uploads\/2025\/09\/Nou-curs-escolar-i-adaptacio-dels-nins-i-nines-a-les-escoletes-balears.jpg","articleSection":["Gesti\u00f3n de escuelas infantiles"],"inLanguage":"es"},{"@type":"WebPage","@id":"https:\/\/enequip.es\/es\/comienza-nuevo-curso-escolar-consejos-adaptacion-escuela-infantil\/","url":"https:\/\/enequip.es\/es\/comienza-nuevo-curso-escolar-consejos-adaptacion-escuela-infantil\/","name":"Nuevo curso: consejos para la adaptaci\u00f3n a la escuela infantil","isPartOf":{"@id":"https:\/\/enequip.es\/es\/#website"},"primaryImageOfPage":{"@id":"https:\/\/enequip.es\/es\/comienza-nuevo-curso-escolar-consejos-adaptacion-escuela-infantil\/#primaryimage"},"image":{"@id":"https:\/\/enequip.es\/es\/comienza-nuevo-curso-escolar-consejos-adaptacion-escuela-infantil\/#primaryimage"},"thumbnailUrl":"https:\/\/enequip.es\/wp-content\/uploads\/2025\/09\/Nou-curs-escolar-i-adaptacio-dels-nins-i-nines-a-les-escoletes-balears.jpg","datePublished":"2025-09-09T15:38:41+00:00","description":"Comienza un nuevo curso escolar en las Islas Baleares y compartimos unas buenas recomendaciones para la adaptaci\u00f3n de los peques de 0-3 a\u00f1os","breadcrumb":{"@id":"https:\/\/enequip.es\/es\/comienza-nuevo-curso-escolar-consejos-adaptacion-escuela-infantil\/#breadcrumb"},"inLanguage":"es","potentialAction":[{"@type":"ReadAction","target":["https:\/\/enequip.es\/es\/comienza-nuevo-curso-escolar-consejos-adaptacion-escuela-infantil\/"]}]},{"@type":"ImageObject","inLanguage":"es","@id":"https:\/\/enequip.es\/es\/comienza-nuevo-curso-escolar-consejos-adaptacion-escuela-infantil\/#primaryimage","url":"https:\/\/enequip.es\/wp-content\/uploads\/2025\/09\/Nou-curs-escolar-i-adaptacio-dels-nins-i-nines-a-les-escoletes-balears.jpg","contentUrl":"https:\/\/enequip.es\/wp-content\/uploads\/2025\/09\/Nou-curs-escolar-i-adaptacio-dels-nins-i-nines-a-les-escoletes-balears.jpg","width":1300,"height":730,"caption":"Nou curs escolar i adaptaci\u00f3 dels nins i nines a les escoletes balears"},{"@type":"BreadcrumbList","@id":"https:\/\/enequip.es\/es\/comienza-nuevo-curso-escolar-consejos-adaptacion-escuela-infantil\/#breadcrumb","itemListElement":[{"@type":"ListItem","position":1,"name":"Home","item":"https:\/\/enequip.es\/es\/"},{"@type":"ListItem","position":2,"name":"Comienza un nuevo curso escolar: consejos para la adaptaci\u00f3n a la escuela infantil"}]},{"@type":"WebSite","@id":"https:\/\/enequip.es\/es\/#website","url":"https:\/\/enequip.es\/es\/","name":"enEquip, serveis integrals a persones i a edificis | Illes Balears","description":"Gestionam projectes per a millorar la vida de les persones i l&#039;entorn dels edifcis. Serveis socials i t\u00e8cnics a les Balears.","publisher":{"@id":"https:\/\/enequip.es\/es\/#organization"},"potentialAction":[{"@type":"SearchAction","target":{"@type":"EntryPoint","urlTemplate":"https:\/\/enequip.es\/es\/?s={search_term_string}"},"query-input":{"@type":"PropertyValueSpecification","valueRequired":true,"valueName":"search_term_string"}}],"inLanguage":"es"},{"@type":"Organization","@id":"https:\/\/enequip.es\/es\/#organization","name":"enEquip, serveis integrats a persones i a edificis","url":"https:\/\/enequip.es\/es\/","logo":{"@type":"ImageObject","inLanguage":"es","@id":"https:\/\/enequip.es\/es\/#\/schema\/logo\/image\/","url":"https:\/\/enequip.es\/wp-content\/uploads\/2019\/06\/logo_enequip_negre.png","contentUrl":"https:\/\/enequip.es\/wp-content\/uploads\/2019\/06\/logo_enequip_negre.png","width":236,"height":46,"caption":"enEquip, serveis integrats a persones i a edificis"},"image":{"@id":"https:\/\/enequip.es\/es\/#\/schema\/logo\/image\/"},"sameAs":["https:\/\/www.linkedin.com\/company\/enequip\/"]},{"@type":"Person","@id":"https:\/\/enequip.es\/es\/#\/schema\/person\/c181e75861933b9c7c062bf835d5c386","name":"enEquip","image":{"@type":"ImageObject","inLanguage":"es","@id":"https:\/\/secure.gravatar.com\/avatar\/7d8a2110bd62b82561230bb6f6a34715efd6822c02697eb59bea7b6a1f61459d?s=96&d=mm&r=g","url":"https:\/\/secure.gravatar.com\/avatar\/7d8a2110bd62b82561230bb6f6a34715efd6822c02697eb59bea7b6a1f61459d?s=96&d=mm&r=g","contentUrl":"https:\/\/secure.gravatar.com\/avatar\/7d8a2110bd62b82561230bb6f6a34715efd6822c02697eb59bea7b6a1f61459d?s=96&d=mm&r=g","caption":"enEquip"}}]}},"_links":{"self":[{"href":"https:\/\/enequip.es\/es\/wp-json\/wp\/v2\/posts\/4070","targetHints":{"allow":["GET"]}}],"collection":[{"href":"https:\/\/enequip.es\/es\/wp-json\/wp\/v2\/posts"}],"about":[{"href":"https:\/\/enequip.es\/es\/wp-json\/wp\/v2\/types\/post"}],"author":[{"embeddable":true,"href":"https:\/\/enequip.es\/es\/wp-json\/wp\/v2\/users\/1"}],"replies":[{"embeddable":true,"href":"https:\/\/enequip.es\/es\/wp-json\/wp\/v2\/comments?post=4070"}],"version-history":[{"count":1,"href":"https:\/\/enequip.es\/es\/wp-json\/wp\/v2\/posts\/4070\/revisions"}],"predecessor-version":[{"id":4071,"href":"https:\/\/enequip.es\/es\/wp-json\/wp\/v2\/posts\/4070\/revisions\/4071"}],"wp:featuredmedia":[{"embeddable":true,"href":"https:\/\/enequip.es\/es\/wp-json\/wp\/v2\/media\/4066"}],"wp:attachment":[{"href":"https:\/\/enequip.es\/es\/wp-json\/wp\/v2\/media?parent=4070"}],"wp:term":[{"taxonomy":"category","embeddable":true,"href":"https:\/\/enequip.es\/es\/wp-json\/wp\/v2\/categories?post=4070"},{"taxonomy":"post_tag","embeddable":true,"href":"https:\/\/enequip.es\/es\/wp-json\/wp\/v2\/tags?post=4070"}],"curies":[{"name":"wp","href":"https:\/\/api.w.org\/{rel}","templated":true}]}}